{"id":1370,"date":"2022-08-02T15:44:10","date_gmt":"2022-08-02T14:44:10","guid":{"rendered":"https:\/\/persfoto.com\/?p=1370"},"modified":"2024-12-26T15:41:05","modified_gmt":"2024-12-26T14:41:05","slug":"brugge-stad-van-de-historie","status":"publish","type":"post","link":"https:\/\/persfoto.com\/index.php\/2022\/08\/02\/brugge-stad-van-de-historie\/","title":{"rendered":"Brugge, stad van de Historie."},"content":{"rendered":"\n<figure class=\"wp-block-gallery has-nested-images columns-default is-cropped wp-block-gallery-1 is-layout-flex wp-block-gallery-is-layout-flex\">\n<figure class=\"wp-block-image size-large\"><img fetchpriority=\"high\" decoding=\"async\" width=\"800\" height=\"533\" data-id=\"1371\" src=\"https:\/\/persfoto.com\/wp-content\/uploads\/2022\/08\/20220729168-Brugge-Rondvaart-Grachten.jpg\" alt=\"\" class=\"wp-image-1371\" srcset=\"https:\/\/persfoto.com\/wp-content\/uploads\/2022\/08\/20220729168-Brugge-Rondvaart-Grachten.jpg 800w, https:\/\/persfoto.com\/wp-content\/uploads\/2022\/08\/20220729168-Brugge-Rondvaart-Grachten-300x200.jpg 300w, https:\/\/persfoto.com\/wp-content\/uploads\/2022\/08\/20220729168-Brugge-Rondvaart-Grachten-768x512.jpg 768w\" sizes=\"(max-width: 800px) 100vw, 800px\" \/><\/figure>\n<\/figure>\n\n\n\n<p>Als er \u00e9\u00e9n stad een stedentrip waard is in Belgi\u00eb, dan is het het Historische Brugge wel. <br>Het historisch centrum is als Middeleeuwse stad opgenomen op de werelderfgoedlijst van UNESCO.   <br>Je kan er heerlijk wandelen door de smalle straatjes, veelal bestraat met de ouderwetse Kinderkopjes, ook bekend van de Wielerklassieker Parijs &#8211; Roubaix.<br>Wandel eens langs de vele grachten en genieten van de vele goede Restaurants in de stad.<br>Probeer daarbij zoveel mogelijk de Centrale Markt te vermijden. <br>De prijzen zijn daar erg duur, maar vooral de kwaliteit en service is een stuk minder als een minuut of 5 wandelen van de markt af. <br>Daar kom je in de lokale straatjes, de leukste restaurantjes tegen. <br><br><strong>Kies een Hotel net buiten het Historisch Centrum.<\/strong><\/p>\n\n\n\n<p>Kies een leuk hotel en denk er daarbij aan dat de oude binnenstand niet echt goed bereikbaar is met de auto.<br>Wij zochten een hotel net buiten het historische centrum en dicht bij het Centraal Station van Brugge.<br>Daar staat het <a rel=\"noreferrer noopener\" href=\"https:\/\/www.radissonhotels.com\/nl-nl\/hotels\/radisson-blu-bruges\" data-type=\"URL\" data-id=\"https:\/\/www.radissonhotels.com\/nl-nl\/hotels\/radisson-blu-bruges\" target=\"_blank\">Radisson Blu Hotel Brugge <\/a>, een leuk en schoon 4 sterren hotel met een goed ontbijt.<br>Betaalbaar en op 5 minuten lopen van het Historische Centrum van Brugge, met volop betaalbare parkeergelegenheid voor de deur in de overdekte parkeergarage.<br>Een hele dag parkeren kost je daar maar \u20ac 5,50.<\/p>\n\n\n\n<figure class=\"wp-block-image size-large is-resized\"><img decoding=\"async\" width=\"800\" height=\"533\" src=\"https:\/\/persfoto.com\/wp-content\/uploads\/2022\/08\/20220729003-Radisson-Blu-Brugge.jpg\" alt=\"\" class=\"wp-image-1373\" style=\"width:968px\" srcset=\"https:\/\/persfoto.com\/wp-content\/uploads\/2022\/08\/20220729003-Radisson-Blu-Brugge.jpg 800w, https:\/\/persfoto.com\/wp-content\/uploads\/2022\/08\/20220729003-Radisson-Blu-Brugge-300x200.jpg 300w, https:\/\/persfoto.com\/wp-content\/uploads\/2022\/08\/20220729003-Radisson-Blu-Brugge-768x512.jpg 768w\" sizes=\"(max-width: 800px) 100vw, 800px\" \/><figcaption class=\"wp-element-caption\">02-08-2022 TRAVEL; STEDENTRIP BRUGGE BELGIE Het historisch centrum is als Middeleeuwse stad opgenomen op de werelderfgoedlijst van UNESCO. Hotel Radisson Blu Brugge.   FOTO ANDY SMULDERS \/ PERSFOTO.COM<\/figcaption><\/figure>\n\n\n\n<figure class=\"wp-block-image size-large is-resized\"><img decoding=\"async\" width=\"800\" height=\"533\" src=\"https:\/\/persfoto.com\/wp-content\/uploads\/2022\/08\/20220729001-Radisson-Blu-Brugge.jpg\" alt=\"\" class=\"wp-image-1374\" style=\"width:968px\" srcset=\"https:\/\/persfoto.com\/wp-content\/uploads\/2022\/08\/20220729001-Radisson-Blu-Brugge.jpg 800w, https:\/\/persfoto.com\/wp-content\/uploads\/2022\/08\/20220729001-Radisson-Blu-Brugge-300x200.jpg 300w, https:\/\/persfoto.com\/wp-content\/uploads\/2022\/08\/20220729001-Radisson-Blu-Brugge-768x512.jpg 768w\" sizes=\"(max-width: 800px) 100vw, 800px\" \/><figcaption class=\"wp-element-caption\">02-08-2022 TRAVEL; STEDENTRIP BRUGGE BELGIE Het historisch centrum is als Middeleeuwse stad opgenomen op de werelderfgoedlijst van UNESCO. Hotel Radisson Blu Brugge.   FOTO ANDY SMULDERS \/ PERSFOTO.COM<\/figcaption><\/figure>\n\n\n\n<figure class=\"wp-block-image size-large is-resized\"><img loading=\"lazy\" decoding=\"async\" width=\"800\" height=\"533\" src=\"https:\/\/persfoto.com\/wp-content\/uploads\/2022\/08\/20220729004-Radisson-Blu-Brugge.jpg\" alt=\"\" class=\"wp-image-1375\" style=\"width:968px\" srcset=\"https:\/\/persfoto.com\/wp-content\/uploads\/2022\/08\/20220729004-Radisson-Blu-Brugge.jpg 800w, https:\/\/persfoto.com\/wp-content\/uploads\/2022\/08\/20220729004-Radisson-Blu-Brugge-300x200.jpg 300w, https:\/\/persfoto.com\/wp-content\/uploads\/2022\/08\/20220729004-Radisson-Blu-Brugge-768x512.jpg 768w\" sizes=\"(max-width: 800px) 100vw, 800px\" \/><figcaption class=\"wp-element-caption\">02-08-2022 TRAVEL; STEDENTRIP BRUGGE BELGIE Het historisch centrum is als Middeleeuwse stad opgenomen op de werelderfgoedlijst van UNESCO. Hotel Radisson Blu Brugge.   FOTO ANDY SMULDERS \/ PERSFOTO.COM<\/figcaption><\/figure>\n\n\n\n<figure class=\"wp-block-image size-large is-resized\"><img loading=\"lazy\" decoding=\"async\" width=\"800\" height=\"533\" src=\"https:\/\/persfoto.com\/wp-content\/uploads\/2022\/08\/20220729006-Radisson-Blu-Brugge.jpg\" alt=\"\" class=\"wp-image-1376\" style=\"width:968px\" srcset=\"https:\/\/persfoto.com\/wp-content\/uploads\/2022\/08\/20220729006-Radisson-Blu-Brugge.jpg 800w, https:\/\/persfoto.com\/wp-content\/uploads\/2022\/08\/20220729006-Radisson-Blu-Brugge-300x200.jpg 300w, https:\/\/persfoto.com\/wp-content\/uploads\/2022\/08\/20220729006-Radisson-Blu-Brugge-768x512.jpg 768w\" sizes=\"(max-width: 800px) 100vw, 800px\" \/><figcaption class=\"wp-element-caption\">02-08-2022 TRAVEL; STEDENTRIP BRUGGE BELGIE Het historisch centrum is als Middeleeuwse stad opgenomen op de werelderfgoedlijst van UNESCO. Hotel Radisson Blu Brugge.   FOTO ANDY SMULDERS \/ PERSFOTO.COM<\/figcaption><\/figure>\n\n\n\n<figure class=\"wp-block-image size-large is-resized\"><img loading=\"lazy\" decoding=\"async\" width=\"800\" height=\"533\" src=\"https:\/\/persfoto.com\/wp-content\/uploads\/2022\/08\/20220729011-Radisson-Blu-Brugge.jpg\" alt=\"\" class=\"wp-image-1377\" style=\"width:968px\" srcset=\"https:\/\/persfoto.com\/wp-content\/uploads\/2022\/08\/20220729011-Radisson-Blu-Brugge.jpg 800w, https:\/\/persfoto.com\/wp-content\/uploads\/2022\/08\/20220729011-Radisson-Blu-Brugge-300x200.jpg 300w, https:\/\/persfoto.com\/wp-content\/uploads\/2022\/08\/20220729011-Radisson-Blu-Brugge-768x512.jpg 768w\" sizes=\"(max-width: 800px) 100vw, 800px\" \/><figcaption class=\"wp-element-caption\">02-08-2022 TRAVEL; STEDENTRIP BRUGGE BELGIE Het historisch centrum is als Middeleeuwse stad opgenomen op de werelderfgoedlijst van UNESCO. Hotel Radisson Blu Brugge.   FOTO ANDY SMULDERS \/ PERSFOTO.COM<\/figcaption><\/figure>\n\n\n\n<figure class=\"wp-block-image size-large is-resized\"><img loading=\"lazy\" decoding=\"async\" width=\"800\" height=\"533\" src=\"https:\/\/persfoto.com\/wp-content\/uploads\/2022\/08\/20220729014-Radisson-Blu-Brugge.jpg\" alt=\"\" class=\"wp-image-1378\" style=\"width:968px\" srcset=\"https:\/\/persfoto.com\/wp-content\/uploads\/2022\/08\/20220729014-Radisson-Blu-Brugge.jpg 800w, https:\/\/persfoto.com\/wp-content\/uploads\/2022\/08\/20220729014-Radisson-Blu-Brugge-300x200.jpg 300w, https:\/\/persfoto.com\/wp-content\/uploads\/2022\/08\/20220729014-Radisson-Blu-Brugge-768x512.jpg 768w\" sizes=\"(max-width: 800px) 100vw, 800px\" \/><figcaption class=\"wp-element-caption\">02-08-2022 TRAVEL; STEDENTRIP BRUGGE BELGIE Het historisch centrum is als Middeleeuwse stad opgenomen op de werelderfgoedlijst van UNESCO. Hotel Radisson Blu Brugge.   FOTO ANDY SMULDERS \/ PERSFOTO.COM<\/figcaption><\/figure>\n\n\n\n<figure class=\"wp-block-image size-large is-resized\"><img loading=\"lazy\" decoding=\"async\" width=\"800\" height=\"533\" src=\"https:\/\/persfoto.com\/wp-content\/uploads\/2022\/08\/20220729019-Radisson-Blu-Brugge.jpg\" alt=\"\" class=\"wp-image-1379\" style=\"width:968px\" srcset=\"https:\/\/persfoto.com\/wp-content\/uploads\/2022\/08\/20220729019-Radisson-Blu-Brugge.jpg 800w, https:\/\/persfoto.com\/wp-content\/uploads\/2022\/08\/20220729019-Radisson-Blu-Brugge-300x200.jpg 300w, https:\/\/persfoto.com\/wp-content\/uploads\/2022\/08\/20220729019-Radisson-Blu-Brugge-768x512.jpg 768w\" sizes=\"(max-width: 800px) 100vw, 800px\" \/><figcaption class=\"wp-element-caption\">02-08-2022 TRAVEL; STEDENTRIP BRUGGE BELGIE Het historisch centrum is als Middeleeuwse stad opgenomen op de werelderfgoedlijst van UNESCO. Hotel Radisson Blu Brugge.   FOTO ANDY SMULDERS \/ PERSFOTO.COM<\/figcaption><\/figure>\n\n\n\n<figure class=\"wp-block-image size-large is-resized\"><img loading=\"lazy\" decoding=\"async\" width=\"800\" height=\"533\" src=\"https:\/\/persfoto.com\/wp-content\/uploads\/2022\/08\/20220729018-Radisson-Blu-Brugge.jpg\" alt=\"\" class=\"wp-image-1380\" style=\"width:968px\" srcset=\"https:\/\/persfoto.com\/wp-content\/uploads\/2022\/08\/20220729018-Radisson-Blu-Brugge.jpg 800w, https:\/\/persfoto.com\/wp-content\/uploads\/2022\/08\/20220729018-Radisson-Blu-Brugge-300x200.jpg 300w, https:\/\/persfoto.com\/wp-content\/uploads\/2022\/08\/20220729018-Radisson-Blu-Brugge-768x512.jpg 768w\" sizes=\"(max-width: 800px) 100vw, 800px\" \/><figcaption class=\"wp-element-caption\">02-08-2022 TRAVEL; STEDENTRIP BRUGGE BELGIE Het historisch centrum is als Middeleeuwse stad opgenomen op de werelderfgoedlijst van UNESCO. Hotel Radisson Blu Brugge.   FOTO ANDY SMULDERS \/ PERSFOTO.COM<\/figcaption><\/figure>\n\n\n\n<p><strong>Fietstocht door de Historische Binnenstad.<\/strong><br><br>Na aankomst in Brugge was het tijd om de stad te gaan verkennen met de fiets.<br>Het beste kan je dit op de eerste dag van je verblijf plannen.<br>Het voordeel, de gids geeft je al heel wat leuke tips, waar je veel aan hebt bij de dagen welke nog volgen in Brugge.<br>Wij kregen een tip dat de welbekende Jos Teughels in Brugge, bij vele bekend is en alleen maar lovende reacties kreeg van zijn gasten over zijn goede service.<br>Jos is de manager bij <a rel=\"noreferrer noopener\" href=\"https:\/\/www.quasimundo.com\/nl\/home\/2\" target=\"_blank\">Quasimundo Fietstours in Brugge<\/a> <br>Terwijl je aan het fietsen bent, hoor je vele malen de naam Jos roepen door de Brugges straatjes en iedereen kent Jos en Jos kent ook iedereen.<br>Jos weet alles van Brugge en zijn historie.<br>Zeker de moeite waard om hier een Prive- of Groepstour te boeken.<\/p>\n\n\n\n<figure class=\"wp-block-image size-large is-resized\"><img loading=\"lazy\" decoding=\"async\" width=\"800\" height=\"533\" src=\"https:\/\/persfoto.com\/wp-content\/uploads\/2022\/08\/20220729083-Brugge-Quasimundo-Fietstocht.jpg\" alt=\"\" class=\"wp-image-1387\" style=\"width:968px\" srcset=\"https:\/\/persfoto.com\/wp-content\/uploads\/2022\/08\/20220729083-Brugge-Quasimundo-Fietstocht.jpg 800w, https:\/\/persfoto.com\/wp-content\/uploads\/2022\/08\/20220729083-Brugge-Quasimundo-Fietstocht-300x200.jpg 300w, https:\/\/persfoto.com\/wp-content\/uploads\/2022\/08\/20220729083-Brugge-Quasimundo-Fietstocht-768x512.jpg 768w\" sizes=\"(max-width: 800px) 100vw, 800px\" \/><figcaption class=\"wp-element-caption\">02-08-2022 TRAVEL; STEDENTRIP BRUGGE BELGIE Het historisch centrum is als Middeleeuwse stad opgenomen op de werelderfgoedlijst van UNESCO. Fietstocht door Brugge met Jos Teughels van Quasimundo.  FOTO ANDY SMULDERS \/ PERSFOTO.COM<\/figcaption><\/figure>\n\n\n\n<figure class=\"wp-block-image size-large is-resized\"><img loading=\"lazy\" decoding=\"async\" width=\"800\" height=\"533\" src=\"https:\/\/persfoto.com\/wp-content\/uploads\/2022\/08\/20220729084-Brugge-Quasimundo-Fietstocht.jpg\" alt=\"\" class=\"wp-image-1384\" style=\"width:968px\" srcset=\"https:\/\/persfoto.com\/wp-content\/uploads\/2022\/08\/20220729084-Brugge-Quasimundo-Fietstocht.jpg 800w, https:\/\/persfoto.com\/wp-content\/uploads\/2022\/08\/20220729084-Brugge-Quasimundo-Fietstocht-300x200.jpg 300w, https:\/\/persfoto.com\/wp-content\/uploads\/2022\/08\/20220729084-Brugge-Quasimundo-Fietstocht-768x512.jpg 768w\" sizes=\"(max-width: 800px) 100vw, 800px\" \/><figcaption class=\"wp-element-caption\">02-08-2022 TRAVEL; STEDENTRIP BRUGGE BELGIE Het historisch centrum is als Middeleeuwse stad opgenomen op de werelderfgoedlijst van UNESCO. Fietstocht door Brugge met Jos Teughels van Quasimundo.  FOTO ANDY SMULDERS \/ PERSFOTO.COM<\/figcaption><\/figure>\n\n\n\n<figure class=\"wp-block-image size-large is-resized\"><img loading=\"lazy\" decoding=\"async\" width=\"800\" height=\"533\" src=\"https:\/\/persfoto.com\/wp-content\/uploads\/2022\/08\/20220729085-Brugge-Quasimundo-Fietstocht.jpg\" alt=\"\" class=\"wp-image-1382\" style=\"width:968px\" srcset=\"https:\/\/persfoto.com\/wp-content\/uploads\/2022\/08\/20220729085-Brugge-Quasimundo-Fietstocht.jpg 800w, https:\/\/persfoto.com\/wp-content\/uploads\/2022\/08\/20220729085-Brugge-Quasimundo-Fietstocht-300x200.jpg 300w, https:\/\/persfoto.com\/wp-content\/uploads\/2022\/08\/20220729085-Brugge-Quasimundo-Fietstocht-768x512.jpg 768w\" sizes=\"(max-width: 800px) 100vw, 800px\" \/><figcaption class=\"wp-element-caption\">02-08-2022 TRAVEL; STEDENTRIP BRUGGE BELGIE Het historisch centrum is als Middeleeuwse stad opgenomen op de werelderfgoedlijst van UNESCO. Fietstocht door Brugge met Jos Teughels van Quasimundo.  FOTO ANDY SMULDERS \/ PERSFOTO.COM<\/figcaption><\/figure>\n\n\n\n<figure class=\"wp-block-image size-large is-resized\"><img loading=\"lazy\" decoding=\"async\" width=\"800\" height=\"533\" src=\"https:\/\/persfoto.com\/wp-content\/uploads\/2022\/08\/20220729086-Brugge-Quasimundo-Fietstocht.jpg\" alt=\"\" class=\"wp-image-1391\" style=\"width:968px\" srcset=\"https:\/\/persfoto.com\/wp-content\/uploads\/2022\/08\/20220729086-Brugge-Quasimundo-Fietstocht.jpg 800w, https:\/\/persfoto.com\/wp-content\/uploads\/2022\/08\/20220729086-Brugge-Quasimundo-Fietstocht-300x200.jpg 300w, https:\/\/persfoto.com\/wp-content\/uploads\/2022\/08\/20220729086-Brugge-Quasimundo-Fietstocht-768x512.jpg 768w\" sizes=\"(max-width: 800px) 100vw, 800px\" \/><figcaption class=\"wp-element-caption\">02-08-2022 TRAVEL; STEDENTRIP BRUGGE BELGIE Het historisch centrum is als Middeleeuwse stad opgenomen op de werelderfgoedlijst van UNESCO. Fietstocht door Brugge met Jos Teughels van Quasimundo.  FOTO ANDY SMULDERS \/ PERSFOTO.COM<\/figcaption><\/figure>\n\n\n\n<figure class=\"wp-block-image size-large is-resized\"><img loading=\"lazy\" decoding=\"async\" width=\"800\" height=\"533\" src=\"https:\/\/persfoto.com\/wp-content\/uploads\/2022\/08\/20220729088-Brugge-Quasimundo-Fietstocht.jpg\" alt=\"\" class=\"wp-image-1386\" style=\"width:968px\" srcset=\"https:\/\/persfoto.com\/wp-content\/uploads\/2022\/08\/20220729088-Brugge-Quasimundo-Fietstocht.jpg 800w, https:\/\/persfoto.com\/wp-content\/uploads\/2022\/08\/20220729088-Brugge-Quasimundo-Fietstocht-300x200.jpg 300w, https:\/\/persfoto.com\/wp-content\/uploads\/2022\/08\/20220729088-Brugge-Quasimundo-Fietstocht-768x512.jpg 768w\" sizes=\"(max-width: 800px) 100vw, 800px\" \/><figcaption class=\"wp-element-caption\">02-08-2022 TRAVEL; STEDENTRIP BRUGGE BELGIE Het historisch centrum is als Middeleeuwse stad opgenomen op de werelderfgoedlijst van UNESCO. Fietstocht door Brugge met Jos Teughels van Quasimundo.  FOTO ANDY SMULDERS \/ PERSFOTO.COM<\/figcaption><\/figure>\n\n\n\n<figure class=\"wp-block-image size-large is-resized\"><img loading=\"lazy\" decoding=\"async\" width=\"800\" height=\"533\" src=\"https:\/\/persfoto.com\/wp-content\/uploads\/2022\/08\/20220729090-Brugge-Quasimundo-Fietstocht.jpg\" alt=\"\" class=\"wp-image-1394\" style=\"width:968px\" srcset=\"https:\/\/persfoto.com\/wp-content\/uploads\/2022\/08\/20220729090-Brugge-Quasimundo-Fietstocht.jpg 800w, https:\/\/persfoto.com\/wp-content\/uploads\/2022\/08\/20220729090-Brugge-Quasimundo-Fietstocht-300x200.jpg 300w, https:\/\/persfoto.com\/wp-content\/uploads\/2022\/08\/20220729090-Brugge-Quasimundo-Fietstocht-768x512.jpg 768w\" sizes=\"(max-width: 800px) 100vw, 800px\" \/><figcaption class=\"wp-element-caption\">02-08-2022 TRAVEL; STEDENTRIP BRUGGE BELGIE Het historisch centrum is als Middeleeuwse stad opgenomen op de werelderfgoedlijst van UNESCO. Fietstocht door Brugge met Jos Teughels van Quasimundo.  FOTO ANDY SMULDERS \/ PERSFOTO.COM<\/figcaption><\/figure>\n\n\n\n<figure class=\"wp-block-image size-large is-resized\"><img loading=\"lazy\" decoding=\"async\" width=\"800\" height=\"533\" src=\"https:\/\/persfoto.com\/wp-content\/uploads\/2022\/08\/20220729091-Brugge-Quasimundo-Fietstocht.jpg\" alt=\"\" class=\"wp-image-1395\" style=\"width:968px\" srcset=\"https:\/\/persfoto.com\/wp-content\/uploads\/2022\/08\/20220729091-Brugge-Quasimundo-Fietstocht.jpg 800w, https:\/\/persfoto.com\/wp-content\/uploads\/2022\/08\/20220729091-Brugge-Quasimundo-Fietstocht-300x200.jpg 300w, https:\/\/persfoto.com\/wp-content\/uploads\/2022\/08\/20220729091-Brugge-Quasimundo-Fietstocht-768x512.jpg 768w\" sizes=\"(max-width: 800px) 100vw, 800px\" \/><figcaption class=\"wp-element-caption\">02-08-2022 TRAVEL; STEDENTRIP BRUGGE BELGIE Het historisch centrum is als Middeleeuwse stad opgenomen op de werelderfgoedlijst van UNESCO. Fietstocht door Brugge met Jos Teughels van Quasimundo.  FOTO ANDY SMULDERS \/ PERSFOTO.COM<\/figcaption><\/figure>\n\n\n\n<figure class=\"wp-block-image size-large is-resized\"><img loading=\"lazy\" decoding=\"async\" width=\"800\" height=\"533\" src=\"https:\/\/persfoto.com\/wp-content\/uploads\/2022\/08\/20220729093-Brugge-Quasimundo-Fietstocht.jpg\" alt=\"\" class=\"wp-image-1385\" style=\"width:968px\" srcset=\"https:\/\/persfoto.com\/wp-content\/uploads\/2022\/08\/20220729093-Brugge-Quasimundo-Fietstocht.jpg 800w, https:\/\/persfoto.com\/wp-content\/uploads\/2022\/08\/20220729093-Brugge-Quasimundo-Fietstocht-300x200.jpg 300w, https:\/\/persfoto.com\/wp-content\/uploads\/2022\/08\/20220729093-Brugge-Quasimundo-Fietstocht-768x512.jpg 768w\" sizes=\"(max-width: 800px) 100vw, 800px\" \/><figcaption class=\"wp-element-caption\">02-08-2022 TRAVEL; STEDENTRIP BRUGGE BELGIE Het historisch centrum is als Middeleeuwse stad opgenomen op de werelderfgoedlijst van UNESCO. Fietstocht door Brugge met Jos Teughels van Quasimundo.  FOTO ANDY SMULDERS \/ PERSFOTO.COM<\/figcaption><\/figure>\n\n\n\n<figure class=\"wp-block-image size-large is-resized\"><img loading=\"lazy\" decoding=\"async\" width=\"800\" height=\"533\" src=\"https:\/\/persfoto.com\/wp-content\/uploads\/2022\/08\/20220729095-Brugge-Quasimundo-Fietstocht.jpg\" alt=\"\" class=\"wp-image-1383\" style=\"width:968px\" srcset=\"https:\/\/persfoto.com\/wp-content\/uploads\/2022\/08\/20220729095-Brugge-Quasimundo-Fietstocht.jpg 800w, https:\/\/persfoto.com\/wp-content\/uploads\/2022\/08\/20220729095-Brugge-Quasimundo-Fietstocht-300x200.jpg 300w, https:\/\/persfoto.com\/wp-content\/uploads\/2022\/08\/20220729095-Brugge-Quasimundo-Fietstocht-768x512.jpg 768w\" sizes=\"(max-width: 800px) 100vw, 800px\" \/><figcaption class=\"wp-element-caption\">02-08-2022 TRAVEL; STEDENTRIP BRUGGE BELGIE Het historisch centrum is als Middeleeuwse stad opgenomen op de werelderfgoedlijst van UNESCO. Fietstocht door Brugge met Jos Teughels van Quasimundo.  FOTO ANDY SMULDERS \/ PERSFOTO.COM<\/figcaption><\/figure>\n\n\n\n<figure class=\"wp-block-image size-large is-resized\"><img loading=\"lazy\" decoding=\"async\" width=\"800\" height=\"533\" src=\"https:\/\/persfoto.com\/wp-content\/uploads\/2022\/08\/20220729099-Brugge-Quasimundo-Fietstocht.jpg\" alt=\"\" class=\"wp-image-1381\" style=\"width:968px\" srcset=\"https:\/\/persfoto.com\/wp-content\/uploads\/2022\/08\/20220729099-Brugge-Quasimundo-Fietstocht.jpg 800w, https:\/\/persfoto.com\/wp-content\/uploads\/2022\/08\/20220729099-Brugge-Quasimundo-Fietstocht-300x200.jpg 300w, https:\/\/persfoto.com\/wp-content\/uploads\/2022\/08\/20220729099-Brugge-Quasimundo-Fietstocht-768x512.jpg 768w\" sizes=\"(max-width: 800px) 100vw, 800px\" \/><figcaption class=\"wp-element-caption\">02-08-2022 TRAVEL; STEDENTRIP BRUGGE BELGIE Het historisch centrum is als Middeleeuwse stad opgenomen op de werelderfgoedlijst van UNESCO. Fietstocht door Brugge met Jos Teughels van Quasimundo.  FOTO ANDY SMULDERS \/ PERSFOTO.COM<\/figcaption><\/figure>\n\n\n\n<figure class=\"wp-block-image size-large is-resized\"><img loading=\"lazy\" decoding=\"async\" width=\"800\" height=\"533\" src=\"https:\/\/persfoto.com\/wp-content\/uploads\/2022\/08\/20220729100-Brugge-Quasimundo-Fietstocht.jpg\" alt=\"\" class=\"wp-image-1393\" style=\"width:968px\" srcset=\"https:\/\/persfoto.com\/wp-content\/uploads\/2022\/08\/20220729100-Brugge-Quasimundo-Fietstocht.jpg 800w, https:\/\/persfoto.com\/wp-content\/uploads\/2022\/08\/20220729100-Brugge-Quasimundo-Fietstocht-300x200.jpg 300w, https:\/\/persfoto.com\/wp-content\/uploads\/2022\/08\/20220729100-Brugge-Quasimundo-Fietstocht-768x512.jpg 768w\" sizes=\"(max-width: 800px) 100vw, 800px\" \/><figcaption class=\"wp-element-caption\">02-08-2022 TRAVEL; STEDENTRIP BRUGGE BELGIE Het historisch centrum is als Middeleeuwse stad opgenomen op de werelderfgoedlijst van UNESCO. Fietstocht door Brugge met Jos Teughels van Quasimundo.  FOTO ANDY SMULDERS \/ PERSFOTO.COM<\/figcaption><\/figure>\n\n\n\n<figure class=\"wp-block-image size-large is-resized\"><img loading=\"lazy\" decoding=\"async\" width=\"800\" height=\"533\" src=\"https:\/\/persfoto.com\/wp-content\/uploads\/2022\/08\/20220729101-Brugge-Quasimundo-Fietstocht.jpg\" alt=\"\" class=\"wp-image-1389\" style=\"width:968px\" srcset=\"https:\/\/persfoto.com\/wp-content\/uploads\/2022\/08\/20220729101-Brugge-Quasimundo-Fietstocht.jpg 800w, https:\/\/persfoto.com\/wp-content\/uploads\/2022\/08\/20220729101-Brugge-Quasimundo-Fietstocht-300x200.jpg 300w, https:\/\/persfoto.com\/wp-content\/uploads\/2022\/08\/20220729101-Brugge-Quasimundo-Fietstocht-768x512.jpg 768w\" sizes=\"(max-width: 800px) 100vw, 800px\" \/><figcaption class=\"wp-element-caption\">02-08-2022 TRAVEL; STEDENTRIP BRUGGE BELGIE Het historisch centrum is als Middeleeuwse stad opgenomen op de werelderfgoedlijst van UNESCO. Fietstocht door Brugge met Jos Teughels van Quasimundo.  FOTO ANDY SMULDERS \/ PERSFOTO.COM<\/figcaption><\/figure>\n\n\n\n<figure class=\"wp-block-image size-large is-resized\"><img loading=\"lazy\" decoding=\"async\" width=\"800\" height=\"533\" src=\"https:\/\/persfoto.com\/wp-content\/uploads\/2022\/08\/20220729103-Brugge-Quasimundo-Fietstocht.jpg\" alt=\"\" class=\"wp-image-1392\" style=\"width:968px\" srcset=\"https:\/\/persfoto.com\/wp-content\/uploads\/2022\/08\/20220729103-Brugge-Quasimundo-Fietstocht.jpg 800w, https:\/\/persfoto.com\/wp-content\/uploads\/2022\/08\/20220729103-Brugge-Quasimundo-Fietstocht-300x200.jpg 300w, https:\/\/persfoto.com\/wp-content\/uploads\/2022\/08\/20220729103-Brugge-Quasimundo-Fietstocht-768x512.jpg 768w\" sizes=\"(max-width: 800px) 100vw, 800px\" \/><figcaption class=\"wp-element-caption\">02-08-2022 TRAVEL; STEDENTRIP BRUGGE BELGIE Het historisch centrum is als Middeleeuwse stad opgenomen op de werelderfgoedlijst van UNESCO. Fietstocht door Brugge met Jos Teughels van Quasimundo.  FOTO ANDY SMULDERS \/ PERSFOTO.COM<\/figcaption><\/figure>\n\n\n\n<figure class=\"wp-block-image size-large is-resized\"><img loading=\"lazy\" decoding=\"async\" width=\"800\" height=\"533\" src=\"https:\/\/persfoto.com\/wp-content\/uploads\/2022\/08\/20220729104-Brugge-Quasimundo-Fietstocht.jpg\" alt=\"\" class=\"wp-image-1396\" style=\"width:968px\" srcset=\"https:\/\/persfoto.com\/wp-content\/uploads\/2022\/08\/20220729104-Brugge-Quasimundo-Fietstocht.jpg 800w, https:\/\/persfoto.com\/wp-content\/uploads\/2022\/08\/20220729104-Brugge-Quasimundo-Fietstocht-300x200.jpg 300w, https:\/\/persfoto.com\/wp-content\/uploads\/2022\/08\/20220729104-Brugge-Quasimundo-Fietstocht-768x512.jpg 768w\" sizes=\"(max-width: 800px) 100vw, 800px\" \/><figcaption class=\"wp-element-caption\">02-08-2022 TRAVEL; STEDENTRIP BRUGGE BELGIE Het historisch centrum is als Middeleeuwse stad opgenomen op de werelderfgoedlijst van UNESCO. Fietstocht door Brugge met Jos Teughels van Quasimundo.  FOTO ANDY SMULDERS \/ PERSFOTO.COM<\/figcaption><\/figure>\n\n\n\n<figure class=\"wp-block-image size-large is-resized\"><img loading=\"lazy\" decoding=\"async\" width=\"800\" height=\"533\" src=\"https:\/\/persfoto.com\/wp-content\/uploads\/2022\/08\/20220729105-Brugge-Quasimundo-Fietstocht.jpg\" alt=\"\" class=\"wp-image-1390\" style=\"width:968px\" srcset=\"https:\/\/persfoto.com\/wp-content\/uploads\/2022\/08\/20220729105-Brugge-Quasimundo-Fietstocht.jpg 800w, https:\/\/persfoto.com\/wp-content\/uploads\/2022\/08\/20220729105-Brugge-Quasimundo-Fietstocht-300x200.jpg 300w, https:\/\/persfoto.com\/wp-content\/uploads\/2022\/08\/20220729105-Brugge-Quasimundo-Fietstocht-768x512.jpg 768w\" sizes=\"(max-width: 800px) 100vw, 800px\" \/><figcaption class=\"wp-element-caption\">02-08-2022 TRAVEL; STEDENTRIP BRUGGE BELGIE Het historisch centrum is als Middeleeuwse stad opgenomen op de werelderfgoedlijst van UNESCO. Fietstocht door Brugge met Jos Teughels van Quasimundo.  FOTO ANDY SMULDERS \/ PERSFOTO.COM<\/figcaption><\/figure>\n\n\n\n<figure class=\"wp-block-image size-large is-resized\"><img loading=\"lazy\" decoding=\"async\" width=\"533\" height=\"800\" src=\"https:\/\/persfoto.com\/wp-content\/uploads\/2022\/08\/20220729106-Brugge-Quasimundo-Fietstocht.jpg\" alt=\"\" class=\"wp-image-1388\" style=\"width:968px\" srcset=\"https:\/\/persfoto.com\/wp-content\/uploads\/2022\/08\/20220729106-Brugge-Quasimundo-Fietstocht.jpg 533w, https:\/\/persfoto.com\/wp-content\/uploads\/2022\/08\/20220729106-Brugge-Quasimundo-Fietstocht-200x300.jpg 200w\" sizes=\"(max-width: 533px) 100vw, 533px\" \/><figcaption class=\"wp-element-caption\">02-08-2022 TRAVEL; STEDENTRIP BRUGGE BELGIE Het historisch centrum is als Middeleeuwse stad opgenomen op de werelderfgoedlijst van UNESCO. Fietstocht door Brugge met Jos Teughels van Quasimundo.  FOTO ANDY SMULDERS \/ PERSFOTO.COM<\/figcaption><\/figure>\n\n\n\n<p><strong>Brugse Godshuisjes.<\/strong><br><br>Wat je zeker niet mag missen is, om even een van de vele hofjes in het historisch centrum in te lopen, waar de Brugse Godshuisjes staan.<br>Deze zeer kleine huisjes zijn gebouwd door de kerk en betaalbaar gemaakt voor de vele arbeiders in de stad Brugge in de 16e eeuw.<br>Je treft daar altijd een kapelletje aan, want de mensen moesten natuurlijk wel 4 maal per dag bidden van de kerk om hier te kunnen wonen.<br>Nu worden deze huisjes opgeknapt en van 2 godshuisjes maken ze er nu een.<br>Maar dan nog heb je een klein huisje.<\/p>\n\n\n\n<figure class=\"wp-block-image size-large is-resized\"><img loading=\"lazy\" decoding=\"async\" width=\"800\" height=\"533\" src=\"https:\/\/persfoto.com\/wp-content\/uploads\/2022\/08\/20220729107-Brugse-Godshuizen.jpg\" alt=\"\" class=\"wp-image-1400\" style=\"width:968px\" srcset=\"https:\/\/persfoto.com\/wp-content\/uploads\/2022\/08\/20220729107-Brugse-Godshuizen.jpg 800w, https:\/\/persfoto.com\/wp-content\/uploads\/2022\/08\/20220729107-Brugse-Godshuizen-300x200.jpg 300w, https:\/\/persfoto.com\/wp-content\/uploads\/2022\/08\/20220729107-Brugse-Godshuizen-768x512.jpg 768w\" sizes=\"(max-width: 800px) 100vw, 800px\" \/><figcaption class=\"wp-element-caption\">02-08-2022 TRAVEL; STEDENTRIP BRUGGE BELGIE Het historisch centrum is als Middeleeuwse stad opgenomen op de werelderfgoedlijst van UNESCO. De Beroemde Kleine Brugse Godshuizen voor de gewone man. Allemaal met een kapel om te bidden, geplaatst door de kerk.  FOTO ANDY SMULDERS \/ PERSFOTO.COM<\/figcaption><\/figure>\n\n\n\n<figure class=\"wp-block-image size-large is-resized\"><img loading=\"lazy\" decoding=\"async\" width=\"800\" height=\"533\" src=\"https:\/\/persfoto.com\/wp-content\/uploads\/2022\/08\/20220729108-Brugse-Godshuizen.jpg\" alt=\"\" class=\"wp-image-1397\" style=\"width:968px\" srcset=\"https:\/\/persfoto.com\/wp-content\/uploads\/2022\/08\/20220729108-Brugse-Godshuizen.jpg 800w, https:\/\/persfoto.com\/wp-content\/uploads\/2022\/08\/20220729108-Brugse-Godshuizen-300x200.jpg 300w, https:\/\/persfoto.com\/wp-content\/uploads\/2022\/08\/20220729108-Brugse-Godshuizen-768x512.jpg 768w\" sizes=\"(max-width: 800px) 100vw, 800px\" \/><figcaption class=\"wp-element-caption\">02-08-2022 TRAVEL; STEDENTRIP BRUGGE BELGIE Het historisch centrum is als Middeleeuwse stad opgenomen op de werelderfgoedlijst van UNESCO. De Beroemde Kleine Brugse Godshuizen voor de gewone man. Allemaal met een kapel om te bidden, geplaatst door de kerk.  FOTO ANDY SMULDERS \/ PERSFOTO.COM<\/figcaption><\/figure>\n\n\n\n<figure class=\"wp-block-image size-large is-resized\"><img loading=\"lazy\" decoding=\"async\" width=\"800\" height=\"533\" src=\"https:\/\/persfoto.com\/wp-content\/uploads\/2022\/08\/20220729109-Brugse-Godshuizen.jpg\" alt=\"\" class=\"wp-image-1399\" style=\"width:968px\" srcset=\"https:\/\/persfoto.com\/wp-content\/uploads\/2022\/08\/20220729109-Brugse-Godshuizen.jpg 800w, https:\/\/persfoto.com\/wp-content\/uploads\/2022\/08\/20220729109-Brugse-Godshuizen-300x200.jpg 300w, https:\/\/persfoto.com\/wp-content\/uploads\/2022\/08\/20220729109-Brugse-Godshuizen-768x512.jpg 768w\" sizes=\"(max-width: 800px) 100vw, 800px\" \/><figcaption class=\"wp-element-caption\">02-08-2022 TRAVEL; STEDENTRIP BRUGGE BELGIE Het historisch centrum is als Middeleeuwse stad opgenomen op de werelderfgoedlijst van UNESCO. De Beroemde Kleine Brugse Godshuizen voor de gewone man. Allemaal met een kapel om te bidden, geplaatst door de kerk.  FOTO ANDY SMULDERS \/ PERSFOTO.COM<\/figcaption><\/figure>\n\n\n\n<figure class=\"wp-block-image size-large is-resized\"><img loading=\"lazy\" decoding=\"async\" width=\"800\" height=\"533\" src=\"https:\/\/persfoto.com\/wp-content\/uploads\/2022\/08\/20220729110-Brugse-Godshuizen.jpg\" alt=\"\" class=\"wp-image-1398\" style=\"width:968px\" srcset=\"https:\/\/persfoto.com\/wp-content\/uploads\/2022\/08\/20220729110-Brugse-Godshuizen.jpg 800w, https:\/\/persfoto.com\/wp-content\/uploads\/2022\/08\/20220729110-Brugse-Godshuizen-300x200.jpg 300w, https:\/\/persfoto.com\/wp-content\/uploads\/2022\/08\/20220729110-Brugse-Godshuizen-768x512.jpg 768w\" sizes=\"(max-width: 800px) 100vw, 800px\" \/><figcaption class=\"wp-element-caption\">02-08-2022 TRAVEL; STEDENTRIP BRUGGE BELGIE Het historisch centrum is als Middeleeuwse stad opgenomen op de werelderfgoedlijst van UNESCO. De Beroemde Kleine Brugse Godshuizen voor de gewone man. Allemaal met een kapel om te bidden, geplaatst door de kerk.  FOTO ANDY SMULDERS \/ PERSFOTO.COM<\/figcaption><\/figure>\n\n\n\n<figure class=\"wp-block-image size-large is-resized\"><img loading=\"lazy\" decoding=\"async\" width=\"800\" height=\"533\" src=\"https:\/\/persfoto.com\/wp-content\/uploads\/2022\/08\/20220729111-Brugse-Godshuizen.jpg\" alt=\"\" class=\"wp-image-1403\" style=\"width:968px\" srcset=\"https:\/\/persfoto.com\/wp-content\/uploads\/2022\/08\/20220729111-Brugse-Godshuizen.jpg 800w, https:\/\/persfoto.com\/wp-content\/uploads\/2022\/08\/20220729111-Brugse-Godshuizen-300x200.jpg 300w, https:\/\/persfoto.com\/wp-content\/uploads\/2022\/08\/20220729111-Brugse-Godshuizen-768x512.jpg 768w\" sizes=\"(max-width: 800px) 100vw, 800px\" \/><figcaption class=\"wp-element-caption\">02-08-2022 TRAVEL; STEDENTRIP BRUGGE BELGIE Het historisch centrum is als Middeleeuwse stad opgenomen op de werelderfgoedlijst van UNESCO. De Beroemde Kleine Brugse Godshuizen voor de gewone man. Allemaal met een kapel om te bidden, geplaatst door de kerk.  FOTO ANDY SMULDERS \/ PERSFOTO.COM<\/figcaption><\/figure>\n\n\n\n<figure class=\"wp-block-image size-large is-resized\"><img loading=\"lazy\" decoding=\"async\" width=\"800\" height=\"533\" src=\"https:\/\/persfoto.com\/wp-content\/uploads\/2022\/08\/20220729112-Brugse-Godshuizen.jpg\" alt=\"\" class=\"wp-image-1402\" style=\"width:968px\" srcset=\"https:\/\/persfoto.com\/wp-content\/uploads\/2022\/08\/20220729112-Brugse-Godshuizen.jpg 800w, https:\/\/persfoto.com\/wp-content\/uploads\/2022\/08\/20220729112-Brugse-Godshuizen-300x200.jpg 300w, https:\/\/persfoto.com\/wp-content\/uploads\/2022\/08\/20220729112-Brugse-Godshuizen-768x512.jpg 768w\" sizes=\"(max-width: 800px) 100vw, 800px\" \/><figcaption class=\"wp-element-caption\">02-08-2022 TRAVEL; STEDENTRIP BRUGGE BELGIE Het historisch centrum is als Middeleeuwse stad opgenomen op de werelderfgoedlijst van UNESCO. De Beroemde Kleine Brugse Godshuizen voor de gewone man. Allemaal met een kapel om te bidden, geplaatst door de kerk.  FOTO ANDY SMULDERS \/ PERSFOTO.COM<\/figcaption><\/figure>\n\n\n\n<figure class=\"wp-block-image size-large is-resized\"><img loading=\"lazy\" decoding=\"async\" width=\"800\" height=\"533\" src=\"https:\/\/persfoto.com\/wp-content\/uploads\/2022\/08\/20220729113-Brugse-Godshuizen.jpg\" alt=\"\" class=\"wp-image-1405\" style=\"width:968px\" srcset=\"https:\/\/persfoto.com\/wp-content\/uploads\/2022\/08\/20220729113-Brugse-Godshuizen.jpg 800w, https:\/\/persfoto.com\/wp-content\/uploads\/2022\/08\/20220729113-Brugse-Godshuizen-300x200.jpg 300w, https:\/\/persfoto.com\/wp-content\/uploads\/2022\/08\/20220729113-Brugse-Godshuizen-768x512.jpg 768w\" sizes=\"(max-width: 800px) 100vw, 800px\" \/><figcaption class=\"wp-element-caption\">02-08-2022 TRAVEL; STEDENTRIP BRUGGE BELGIE Het historisch centrum is als Middeleeuwse stad opgenomen op de werelderfgoedlijst van UNESCO. De Beroemde Kleine Brugse Godshuizen voor de gewone man. Allemaal met een kapel om te bidden, geplaatst door de kerk.  FOTO ANDY SMULDERS \/ PERSFOTO.COM<\/figcaption><\/figure>\n\n\n\n<figure class=\"wp-block-image size-large is-resized\"><img loading=\"lazy\" decoding=\"async\" width=\"800\" height=\"533\" src=\"https:\/\/persfoto.com\/wp-content\/uploads\/2022\/08\/20220729114-Brugse-Godshuizen.jpg\" alt=\"\" class=\"wp-image-1401\" style=\"width:968px\" srcset=\"https:\/\/persfoto.com\/wp-content\/uploads\/2022\/08\/20220729114-Brugse-Godshuizen.jpg 800w, https:\/\/persfoto.com\/wp-content\/uploads\/2022\/08\/20220729114-Brugse-Godshuizen-300x200.jpg 300w, https:\/\/persfoto.com\/wp-content\/uploads\/2022\/08\/20220729114-Brugse-Godshuizen-768x512.jpg 768w\" sizes=\"(max-width: 800px) 100vw, 800px\" \/><figcaption class=\"wp-element-caption\">02-08-2022 TRAVEL; STEDENTRIP BRUGGE BELGIE Het historisch centrum is als Middeleeuwse stad opgenomen op de werelderfgoedlijst van UNESCO. De Beroemde Kleine Brugse Godshuizen voor de gewone man. Allemaal met een kapel om te bidden, geplaatst door de kerk.  FOTO ANDY SMULDERS \/ PERSFOTO.COM<\/figcaption><\/figure>\n\n\n\n<figure class=\"wp-block-image size-large is-resized\"><img loading=\"lazy\" decoding=\"async\" width=\"800\" height=\"533\" src=\"https:\/\/persfoto.com\/wp-content\/uploads\/2022\/08\/20220729115-Brugse-Godshuizen.jpg\" alt=\"\" class=\"wp-image-1404\" style=\"width:968px\" srcset=\"https:\/\/persfoto.com\/wp-content\/uploads\/2022\/08\/20220729115-Brugse-Godshuizen.jpg 800w, https:\/\/persfoto.com\/wp-content\/uploads\/2022\/08\/20220729115-Brugse-Godshuizen-300x200.jpg 300w, https:\/\/persfoto.com\/wp-content\/uploads\/2022\/08\/20220729115-Brugse-Godshuizen-768x512.jpg 768w\" sizes=\"(max-width: 800px) 100vw, 800px\" \/><figcaption class=\"wp-element-caption\">02-08-2022 TRAVEL; STEDENTRIP BRUGGE BELGIE Het historisch centrum is als Middeleeuwse stad opgenomen op de werelderfgoedlijst van UNESCO. De Beroemde Kleine Brugse Godshuizen voor de gewone man. Allemaal met een kapel om te bidden, geplaatst door de kerk.  FOTO ANDY SMULDERS \/ PERSFOTO.COM<\/figcaption><\/figure>\n\n\n\n<p><strong>Bierbrouwerij Tour.<\/strong><br><br>Belgi\u00eb en Bier is als Water en Vuur, je kan niet zonder.<br>Belgi\u00eb heeft een rijke geschiedenis aan lokale bieren.<br>Midden in de stad is <a rel=\"noreferrer noopener\" href=\"https:\/\/www.bourgognedesflandres.be\/nl\" target=\"_blank\">Bierbrouwerij Bourgogne des Flandres<\/a> gevestigd.<br>Na 65 jaar was de Bourgogne des Flandres Bierbrouwerij in 2015 terug in de Brugse binnenstad met een eigen brouwerij. <br>Ga op verkenning in de brouwerij en stokerij en laat je op zolder verrassen door de geur van het mout en de verse hop. <br>Hier wordt voor je eigen ogen het Bier gebrouwen en daarna kan je het bier lekker laten smaken in het cafe.<br>Bestel gewoon een meter verschillende soorten lokaal gebrouwen bier en combineer het met een lekkere zoute Pretzel.<\/p>\n\n\n\n<figure class=\"wp-block-image size-large is-resized\"><img loading=\"lazy\" decoding=\"async\" width=\"800\" height=\"533\" src=\"https:\/\/persfoto.com\/wp-content\/uploads\/2022\/08\/20220729118-Brugge-Bierbrouwerij-Bourgogne-des-Flandres.jpg\" alt=\"\" class=\"wp-image-1409\" style=\"width:968px\" srcset=\"https:\/\/persfoto.com\/wp-content\/uploads\/2022\/08\/20220729118-Brugge-Bierbrouwerij-Bourgogne-des-Flandres.jpg 800w, https:\/\/persfoto.com\/wp-content\/uploads\/2022\/08\/20220729118-Brugge-Bierbrouwerij-Bourgogne-des-Flandres-300x200.jpg 300w, https:\/\/persfoto.com\/wp-content\/uploads\/2022\/08\/20220729118-Brugge-Bierbrouwerij-Bourgogne-des-Flandres-768x512.jpg 768w\" sizes=\"(max-width: 800px) 100vw, 800px\" \/><figcaption class=\"wp-element-caption\">02-08-2022 TRAVEL; STEDENTRIP BRUGGE BELGIE Het historisch centrum is als Middeleeuwse stad opgenomen op de werelderfgoedlijst van UNESCO. Een Bierbrouwerij Tour bij Bourgogne des Flandres.  FOTO ANDY SMULDERS \/ PERSFOTO.COM<\/figcaption><\/figure>\n\n\n\n<figure class=\"wp-block-image size-large is-resized\"><img loading=\"lazy\" decoding=\"async\" width=\"800\" height=\"533\" src=\"https:\/\/persfoto.com\/wp-content\/uploads\/2022\/08\/20220729120-Brugge-Bierbrouwerij-Bourgogne-des-Flandres.jpg\" alt=\"\" class=\"wp-image-1411\" style=\"width:968px\" srcset=\"https:\/\/persfoto.com\/wp-content\/uploads\/2022\/08\/20220729120-Brugge-Bierbrouwerij-Bourgogne-des-Flandres.jpg 800w, https:\/\/persfoto.com\/wp-content\/uploads\/2022\/08\/20220729120-Brugge-Bierbrouwerij-Bourgogne-des-Flandres-300x200.jpg 300w, https:\/\/persfoto.com\/wp-content\/uploads\/2022\/08\/20220729120-Brugge-Bierbrouwerij-Bourgogne-des-Flandres-768x512.jpg 768w\" sizes=\"(max-width: 800px) 100vw, 800px\" \/><figcaption class=\"wp-element-caption\">02-08-2022 TRAVEL; STEDENTRIP BRUGGE BELGIE Het historisch centrum is als Middeleeuwse stad opgenomen op de werelderfgoedlijst van UNESCO. Een Bierbrouwerij Tour bij Bourgogne des Flandres.  FOTO ANDY SMULDERS \/ PERSFOTO.COM<\/figcaption><\/figure>\n\n\n\n<figure class=\"wp-block-image size-large is-resized\"><img loading=\"lazy\" decoding=\"async\" width=\"800\" height=\"533\" src=\"https:\/\/persfoto.com\/wp-content\/uploads\/2022\/08\/20220729122-Brugge-Bierbrouwerij-Bourgogne-des-Flandres.jpg\" alt=\"\" class=\"wp-image-1412\" style=\"width:968px\" srcset=\"https:\/\/persfoto.com\/wp-content\/uploads\/2022\/08\/20220729122-Brugge-Bierbrouwerij-Bourgogne-des-Flandres.jpg 800w, https:\/\/persfoto.com\/wp-content\/uploads\/2022\/08\/20220729122-Brugge-Bierbrouwerij-Bourgogne-des-Flandres-300x200.jpg 300w, https:\/\/persfoto.com\/wp-content\/uploads\/2022\/08\/20220729122-Brugge-Bierbrouwerij-Bourgogne-des-Flandres-768x512.jpg 768w\" sizes=\"(max-width: 800px) 100vw, 800px\" \/><figcaption class=\"wp-element-caption\">02-08-2022 TRAVEL; STEDENTRIP BRUGGE BELGIE Het historisch centrum is als Middeleeuwse stad opgenomen op de werelderfgoedlijst van UNESCO. Een Bierbrouwerij Tour bij Bourgogne des Flandres.  FOTO ANDY SMULDERS \/ PERSFOTO.COM<\/figcaption><\/figure>\n\n\n\n<figure class=\"wp-block-image size-large is-resized\"><img loading=\"lazy\" decoding=\"async\" width=\"800\" height=\"533\" src=\"https:\/\/persfoto.com\/wp-content\/uploads\/2022\/08\/20220729129-Brugge-Bierbrouwerij-Bourgogne-des-Flandres.jpg\" alt=\"\" class=\"wp-image-1426\" style=\"width:968px\" srcset=\"https:\/\/persfoto.com\/wp-content\/uploads\/2022\/08\/20220729129-Brugge-Bierbrouwerij-Bourgogne-des-Flandres.jpg 800w, https:\/\/persfoto.com\/wp-content\/uploads\/2022\/08\/20220729129-Brugge-Bierbrouwerij-Bourgogne-des-Flandres-300x200.jpg 300w, https:\/\/persfoto.com\/wp-content\/uploads\/2022\/08\/20220729129-Brugge-Bierbrouwerij-Bourgogne-des-Flandres-768x512.jpg 768w\" sizes=\"(max-width: 800px) 100vw, 800px\" \/><figcaption class=\"wp-element-caption\">02-08-2022 TRAVEL; STEDENTRIP BRUGGE BELGIE Het historisch centrum is als Middeleeuwse stad opgenomen op de werelderfgoedlijst van UNESCO. Een Bierbrouwerij Tour bij Bourgogne des Flandres.  FOTO ANDY SMULDERS \/ PERSFOTO.COM<\/figcaption><\/figure>\n\n\n\n<figure class=\"wp-block-image size-large is-resized\"><img loading=\"lazy\" decoding=\"async\" width=\"800\" height=\"533\" src=\"https:\/\/persfoto.com\/wp-content\/uploads\/2022\/08\/20220729130-Brugge-Bierbrouwerij-Bourgogne-des-Flandres.jpg\" alt=\"\" class=\"wp-image-1429\" style=\"width:968px\" srcset=\"https:\/\/persfoto.com\/wp-content\/uploads\/2022\/08\/20220729130-Brugge-Bierbrouwerij-Bourgogne-des-Flandres.jpg 800w, https:\/\/persfoto.com\/wp-content\/uploads\/2022\/08\/20220729130-Brugge-Bierbrouwerij-Bourgogne-des-Flandres-300x200.jpg 300w, https:\/\/persfoto.com\/wp-content\/uploads\/2022\/08\/20220729130-Brugge-Bierbrouwerij-Bourgogne-des-Flandres-768x512.jpg 768w\" sizes=\"(max-width: 800px) 100vw, 800px\" \/><figcaption class=\"wp-element-caption\">02-08-2022 TRAVEL; STEDENTRIP BRUGGE BELGIE Het historisch centrum is als Middeleeuwse stad opgenomen op de werelderfgoedlijst van UNESCO. Een Bierbrouwerij Tour bij Bourgogne des Flandres.  FOTO ANDY SMULDERS \/ PERSFOTO.COM<\/figcaption><\/figure>\n\n\n\n<figure class=\"wp-block-image size-large is-resized\"><img loading=\"lazy\" decoding=\"async\" width=\"800\" height=\"533\" src=\"https:\/\/persfoto.com\/wp-content\/uploads\/2022\/08\/20220729131-Brugge-Bierbrouwerij-Bourgogne-des-Flandres.jpg\" alt=\"\" class=\"wp-image-1417\" style=\"width:968px\" srcset=\"https:\/\/persfoto.com\/wp-content\/uploads\/2022\/08\/20220729131-Brugge-Bierbrouwerij-Bourgogne-des-Flandres.jpg 800w, https:\/\/persfoto.com\/wp-content\/uploads\/2022\/08\/20220729131-Brugge-Bierbrouwerij-Bourgogne-des-Flandres-300x200.jpg 300w, https:\/\/persfoto.com\/wp-content\/uploads\/2022\/08\/20220729131-Brugge-Bierbrouwerij-Bourgogne-des-Flandres-768x512.jpg 768w\" sizes=\"(max-width: 800px) 100vw, 800px\" \/><figcaption class=\"wp-element-caption\">02-08-2022 TRAVEL; STEDENTRIP BRUGGE BELGIE Het historisch centrum is als Middeleeuwse stad opgenomen op de werelderfgoedlijst van UNESCO. Een Bierbrouwerij Tour bij Bourgogne des Flandres.  FOTO ANDY SMULDERS \/ PERSFOTO.COM<\/figcaption><\/figure>\n\n\n\n<figure class=\"wp-block-image size-large is-resized\"><img loading=\"lazy\" decoding=\"async\" width=\"800\" height=\"533\" src=\"https:\/\/persfoto.com\/wp-content\/uploads\/2022\/08\/20220729132-Brugge-Bierbrouwerij-Bourgogne-des-Flandres.jpg\" alt=\"\" class=\"wp-image-1420\" style=\"width:968px\" srcset=\"https:\/\/persfoto.com\/wp-content\/uploads\/2022\/08\/20220729132-Brugge-Bierbrouwerij-Bourgogne-des-Flandres.jpg 800w, https:\/\/persfoto.com\/wp-content\/uploads\/2022\/08\/20220729132-Brugge-Bierbrouwerij-Bourgogne-des-Flandres-300x200.jpg 300w, https:\/\/persfoto.com\/wp-content\/uploads\/2022\/08\/20220729132-Brugge-Bierbrouwerij-Bourgogne-des-Flandres-768x512.jpg 768w\" sizes=\"(max-width: 800px) 100vw, 800px\" \/><figcaption class=\"wp-element-caption\">02-08-2022 TRAVEL; STEDENTRIP BRUGGE BELGIE Het historisch centrum is als Middeleeuwse stad opgenomen op de werelderfgoedlijst van UNESCO. Een Bierbrouwerij Tour bij Bourgogne des Flandres.  FOTO ANDY SMULDERS \/ PERSFOTO.COM<\/figcaption><\/figure>\n\n\n\n<figure class=\"wp-block-image size-large is-resized\"><img loading=\"lazy\" decoding=\"async\" width=\"800\" height=\"533\" src=\"https:\/\/persfoto.com\/wp-content\/uploads\/2022\/08\/20220729133-Brugge-Bierbrouwerij-Bourgogne-des-Flandres.jpg\" alt=\"\" class=\"wp-image-1422\" style=\"width:968px\" srcset=\"https:\/\/persfoto.com\/wp-content\/uploads\/2022\/08\/20220729133-Brugge-Bierbrouwerij-Bourgogne-des-Flandres.jpg 800w, https:\/\/persfoto.com\/wp-content\/uploads\/2022\/08\/20220729133-Brugge-Bierbrouwerij-Bourgogne-des-Flandres-300x200.jpg 300w, https:\/\/persfoto.com\/wp-content\/uploads\/2022\/08\/20220729133-Brugge-Bierbrouwerij-Bourgogne-des-Flandres-768x512.jpg 768w\" sizes=\"(max-width: 800px) 100vw, 800px\" \/><figcaption class=\"wp-element-caption\">02-08-2022 TRAVEL; STEDENTRIP BRUGGE BELGIE Het historisch centrum is als Middeleeuwse stad opgenomen op de werelderfgoedlijst van UNESCO. Een Bierbrouwerij Tour bij Bourgogne des Flandres.  FOTO ANDY SMULDERS \/ PERSFOTO.COM<\/figcaption><\/figure>\n\n\n\n<figure class=\"wp-block-image size-large is-resized\"><img loading=\"lazy\" decoding=\"async\" width=\"800\" height=\"533\" src=\"https:\/\/persfoto.com\/wp-content\/uploads\/2022\/08\/20220729135-Brugge-Bierbrouwerij-Bourgogne-des-Flandres.jpg\" alt=\"\" class=\"wp-image-1419\" style=\"width:968px\" srcset=\"https:\/\/persfoto.com\/wp-content\/uploads\/2022\/08\/20220729135-Brugge-Bierbrouwerij-Bourgogne-des-Flandres.jpg 800w, https:\/\/persfoto.com\/wp-content\/uploads\/2022\/08\/20220729135-Brugge-Bierbrouwerij-Bourgogne-des-Flandres-300x200.jpg 300w, https:\/\/persfoto.com\/wp-content\/uploads\/2022\/08\/20220729135-Brugge-Bierbrouwerij-Bourgogne-des-Flandres-768x512.jpg 768w\" sizes=\"(max-width: 800px) 100vw, 800px\" \/><figcaption class=\"wp-element-caption\">02-08-2022 TRAVEL; STEDENTRIP BRUGGE BELGIE Het historisch centrum is als Middeleeuwse stad opgenomen op de werelderfgoedlijst van UNESCO. Een Bierbrouwerij Tour bij Bourgogne des Flandres.  FOTO ANDY SMULDERS \/ PERSFOTO.COM<\/figcaption><\/figure>\n\n\n\n<figure class=\"wp-block-image size-large is-resized\"><img loading=\"lazy\" decoding=\"async\" width=\"800\" height=\"533\" src=\"https:\/\/persfoto.com\/wp-content\/uploads\/2022\/08\/20220729136-Brugge-Bierbrouwerij-Bourgogne-des-Flandres.jpg\" alt=\"\" class=\"wp-image-1416\" style=\"width:968px\" srcset=\"https:\/\/persfoto.com\/wp-content\/uploads\/2022\/08\/20220729136-Brugge-Bierbrouwerij-Bourgogne-des-Flandres.jpg 800w, https:\/\/persfoto.com\/wp-content\/uploads\/2022\/08\/20220729136-Brugge-Bierbrouwerij-Bourgogne-des-Flandres-300x200.jpg 300w, https:\/\/persfoto.com\/wp-content\/uploads\/2022\/08\/20220729136-Brugge-Bierbrouwerij-Bourgogne-des-Flandres-768x512.jpg 768w\" sizes=\"(max-width: 800px) 100vw, 800px\" \/><figcaption class=\"wp-element-caption\">02-08-2022 TRAVEL; STEDENTRIP BRUGGE BELGIE Het historisch centrum is als Middeleeuwse stad opgenomen op de werelderfgoedlijst van UNESCO. Een Bierbrouwerij Tour bij Bourgogne des Flandres.  FOTO ANDY SMULDERS \/ PERSFOTO.COM<\/figcaption><\/figure>\n\n\n\n<figure class=\"wp-block-image size-large is-resized\"><img loading=\"lazy\" decoding=\"async\" width=\"800\" height=\"533\" src=\"https:\/\/persfoto.com\/wp-content\/uploads\/2022\/08\/20220729137-Brugge-Bierbrouwerij-Bourgogne-des-Flandres.jpg\" alt=\"\" class=\"wp-image-1428\" style=\"width:968px\" srcset=\"https:\/\/persfoto.com\/wp-content\/uploads\/2022\/08\/20220729137-Brugge-Bierbrouwerij-Bourgogne-des-Flandres.jpg 800w, https:\/\/persfoto.com\/wp-content\/uploads\/2022\/08\/20220729137-Brugge-Bierbrouwerij-Bourgogne-des-Flandres-300x200.jpg 300w, https:\/\/persfoto.com\/wp-content\/uploads\/2022\/08\/20220729137-Brugge-Bierbrouwerij-Bourgogne-des-Flandres-768x512.jpg 768w\" sizes=\"(max-width: 800px) 100vw, 800px\" \/><figcaption class=\"wp-element-caption\">02-08-2022 TRAVEL; STEDENTRIP BRUGGE BELGIE Het historisch centrum is als Middeleeuwse stad opgenomen op de werelderfgoedlijst van UNESCO. Een Bierbrouwerij Tour bij Bourgogne des Flandres.  FOTO ANDY SMULDERS \/ PERSFOTO.COM<\/figcaption><\/figure>\n\n\n\n<figure class=\"wp-block-image size-large is-resized\"><img loading=\"lazy\" decoding=\"async\" width=\"800\" height=\"533\" src=\"https:\/\/persfoto.com\/wp-content\/uploads\/2022\/08\/20220729138-Brugge-Bierbrouwerij-Bourgogne-des-Flandres.jpg\" alt=\"\" class=\"wp-image-1407\" style=\"width:968px\" srcset=\"https:\/\/persfoto.com\/wp-content\/uploads\/2022\/08\/20220729138-Brugge-Bierbrouwerij-Bourgogne-des-Flandres.jpg 800w, https:\/\/persfoto.com\/wp-content\/uploads\/2022\/08\/20220729138-Brugge-Bierbrouwerij-Bourgogne-des-Flandres-300x200.jpg 300w, https:\/\/persfoto.com\/wp-content\/uploads\/2022\/08\/20220729138-Brugge-Bierbrouwerij-Bourgogne-des-Flandres-768x512.jpg 768w\" sizes=\"(max-width: 800px) 100vw, 800px\" \/><figcaption class=\"wp-element-caption\">02-08-2022 TRAVEL; STEDENTRIP BRUGGE BELGIE Het historisch centrum is als Middeleeuwse stad opgenomen op de werelderfgoedlijst van UNESCO. Een Bierbrouwerij Tour bij Bourgogne des Flandres.  FOTO ANDY SMULDERS \/ PERSFOTO.COM<\/figcaption><\/figure>\n\n\n\n<figure class=\"wp-block-image size-large is-resized\"><img loading=\"lazy\" decoding=\"async\" width=\"800\" height=\"533\" src=\"https:\/\/persfoto.com\/wp-content\/uploads\/2022\/08\/20220729139-Brugge-Bierbrouwerij-Bourgogne-des-Flandres.jpg\" alt=\"\" class=\"wp-image-1414\" style=\"width:968px\" srcset=\"https:\/\/persfoto.com\/wp-content\/uploads\/2022\/08\/20220729139-Brugge-Bierbrouwerij-Bourgogne-des-Flandres.jpg 800w, https:\/\/persfoto.com\/wp-content\/uploads\/2022\/08\/20220729139-Brugge-Bierbrouwerij-Bourgogne-des-Flandres-300x200.jpg 300w, https:\/\/persfoto.com\/wp-content\/uploads\/2022\/08\/20220729139-Brugge-Bierbrouwerij-Bourgogne-des-Flandres-768x512.jpg 768w\" sizes=\"(max-width: 800px) 100vw, 800px\" \/><figcaption class=\"wp-element-caption\">02-08-2022 TRAVEL; STEDENTRIP BRUGGE BELGIE Het historisch centrum is als Middeleeuwse stad opgenomen op de werelderfgoedlijst van UNESCO. Een Bierbrouwerij Tour bij Bourgogne des Flandres.  FOTO ANDY SMULDERS \/ PERSFOTO.COM<\/figcaption><\/figure>\n\n\n\n<figure class=\"wp-block-image size-large is-resized\"><img loading=\"lazy\" decoding=\"async\" width=\"800\" height=\"533\" src=\"https:\/\/persfoto.com\/wp-content\/uploads\/2022\/08\/20220729141-Brugge-Bierbrouwerij-Bourgogne-des-Flandres.jpg\" alt=\"\" class=\"wp-image-1415\" style=\"width:968px\" srcset=\"https:\/\/persfoto.com\/wp-content\/uploads\/2022\/08\/20220729141-Brugge-Bierbrouwerij-Bourgogne-des-Flandres.jpg 800w, https:\/\/persfoto.com\/wp-content\/uploads\/2022\/08\/20220729141-Brugge-Bierbrouwerij-Bourgogne-des-Flandres-300x200.jpg 300w, https:\/\/persfoto.com\/wp-content\/uploads\/2022\/08\/20220729141-Brugge-Bierbrouwerij-Bourgogne-des-Flandres-768x512.jpg 768w\" sizes=\"(max-width: 800px) 100vw, 800px\" \/><figcaption class=\"wp-element-caption\">02-08-2022 TRAVEL; STEDENTRIP BRUGGE BELGIE Het historisch centrum is als Middeleeuwse stad opgenomen op de werelderfgoedlijst van UNESCO. Een Bierbrouwerij Tour bij Bourgogne des Flandres.  FOTO ANDY SMULDERS \/ PERSFOTO.COM<\/figcaption><\/figure>\n\n\n\n<figure class=\"wp-block-image size-large is-resized\"><img loading=\"lazy\" decoding=\"async\" width=\"800\" height=\"533\" src=\"https:\/\/persfoto.com\/wp-content\/uploads\/2022\/08\/20220729142-Brugge-Bierbrouwerij-Bourgogne-des-Flandres.jpg\" alt=\"\" class=\"wp-image-1410\" style=\"width:968px\" srcset=\"https:\/\/persfoto.com\/wp-content\/uploads\/2022\/08\/20220729142-Brugge-Bierbrouwerij-Bourgogne-des-Flandres.jpg 800w, https:\/\/persfoto.com\/wp-content\/uploads\/2022\/08\/20220729142-Brugge-Bierbrouwerij-Bourgogne-des-Flandres-300x200.jpg 300w, https:\/\/persfoto.com\/wp-content\/uploads\/2022\/08\/20220729142-Brugge-Bierbrouwerij-Bourgogne-des-Flandres-768x512.jpg 768w\" sizes=\"(max-width: 800px) 100vw, 800px\" \/><figcaption class=\"wp-element-caption\">02-08-2022 TRAVEL; STEDENTRIP BRUGGE BELGIE Het historisch centrum is als Middeleeuwse stad opgenomen op de werelderfgoedlijst van UNESCO. Een Bierbrouwerij Tour bij Bourgogne des Flandres.  FOTO ANDY SMULDERS \/ PERSFOTO.COM<\/figcaption><\/figure>\n\n\n\n<figure class=\"wp-block-image size-large is-resized\"><img loading=\"lazy\" decoding=\"async\" width=\"800\" height=\"533\" src=\"https:\/\/persfoto.com\/wp-content\/uploads\/2022\/08\/20220729144-Brugge-Bierbrouwerij-Bourgogne-des-Flandres.jpg\" alt=\"\" class=\"wp-image-1418\" style=\"width:968px\" srcset=\"https:\/\/persfoto.com\/wp-content\/uploads\/2022\/08\/20220729144-Brugge-Bierbrouwerij-Bourgogne-des-Flandres.jpg 800w, https:\/\/persfoto.com\/wp-content\/uploads\/2022\/08\/20220729144-Brugge-Bierbrouwerij-Bourgogne-des-Flandres-300x200.jpg 300w, https:\/\/persfoto.com\/wp-content\/uploads\/2022\/08\/20220729144-Brugge-Bierbrouwerij-Bourgogne-des-Flandres-768x512.jpg 768w\" sizes=\"(max-width: 800px) 100vw, 800px\" \/><figcaption class=\"wp-element-caption\">02-08-2022 TRAVEL; STEDENTRIP BRUGGE BELGIE Het historisch centrum is als Middeleeuwse stad opgenomen op de werelderfgoedlijst van UNESCO. Een Bierbrouwerij Tour bij Bourgogne des Flandres.  FOTO ANDY SMULDERS \/ PERSFOTO.COM<\/figcaption><\/figure>\n\n\n\n<figure class=\"wp-block-image size-large is-resized\"><img loading=\"lazy\" decoding=\"async\" width=\"800\" height=\"533\" src=\"https:\/\/persfoto.com\/wp-content\/uploads\/2022\/08\/20220729152-Brugge-Bierbrouwerij-Bourgogne-des-Flandres.jpg\" alt=\"\" class=\"wp-image-1423\" style=\"width:968px\" srcset=\"https:\/\/persfoto.com\/wp-content\/uploads\/2022\/08\/20220729152-Brugge-Bierbrouwerij-Bourgogne-des-Flandres.jpg 800w, https:\/\/persfoto.com\/wp-content\/uploads\/2022\/08\/20220729152-Brugge-Bierbrouwerij-Bourgogne-des-Flandres-300x200.jpg 300w, https:\/\/persfoto.com\/wp-content\/uploads\/2022\/08\/20220729152-Brugge-Bierbrouwerij-Bourgogne-des-Flandres-768x512.jpg 768w\" sizes=\"(max-width: 800px) 100vw, 800px\" \/><figcaption class=\"wp-element-caption\">02-08-2022 TRAVEL; STEDENTRIP BRUGGE BELGIE Het historisch centrum is als Middeleeuwse stad opgenomen op de werelderfgoedlijst van UNESCO. Een Bierbrouwerij Tour bij Bourgogne des Flandres.  FOTO ANDY SMULDERS \/ PERSFOTO.COM<\/figcaption><\/figure>\n\n\n\n<figure class=\"wp-block-image size-large is-resized\"><img loading=\"lazy\" decoding=\"async\" width=\"800\" height=\"533\" src=\"https:\/\/persfoto.com\/wp-content\/uploads\/2022\/08\/20220729153-Brugge-Bierbrouwerij-Bourgogne-des-Flandres.jpg\" alt=\"\" class=\"wp-image-1406\" style=\"width:968px\" srcset=\"https:\/\/persfoto.com\/wp-content\/uploads\/2022\/08\/20220729153-Brugge-Bierbrouwerij-Bourgogne-des-Flandres.jpg 800w, https:\/\/persfoto.com\/wp-content\/uploads\/2022\/08\/20220729153-Brugge-Bierbrouwerij-Bourgogne-des-Flandres-300x200.jpg 300w, https:\/\/persfoto.com\/wp-content\/uploads\/2022\/08\/20220729153-Brugge-Bierbrouwerij-Bourgogne-des-Flandres-768x512.jpg 768w\" sizes=\"(max-width: 800px) 100vw, 800px\" \/><figcaption class=\"wp-element-caption\">02-08-2022 TRAVEL; STEDENTRIP BRUGGE BELGIE Het historisch centrum is als Middeleeuwse stad opgenomen op de werelderfgoedlijst van UNESCO. Een Bierbrouwerij Tour bij Bourgogne des Flandres.  FOTO ANDY SMULDERS \/ PERSFOTO.COM<\/figcaption><\/figure>\n\n\n\n<figure class=\"wp-block-image size-large is-resized\"><img loading=\"lazy\" decoding=\"async\" width=\"800\" height=\"533\" src=\"https:\/\/persfoto.com\/wp-content\/uploads\/2022\/08\/20220729154-Brugge-Bierbrouwerij-Bourgogne-des-Flandres.jpg\" alt=\"\" class=\"wp-image-1413\" style=\"width:968px\" srcset=\"https:\/\/persfoto.com\/wp-content\/uploads\/2022\/08\/20220729154-Brugge-Bierbrouwerij-Bourgogne-des-Flandres.jpg 800w, https:\/\/persfoto.com\/wp-content\/uploads\/2022\/08\/20220729154-Brugge-Bierbrouwerij-Bourgogne-des-Flandres-300x200.jpg 300w, https:\/\/persfoto.com\/wp-content\/uploads\/2022\/08\/20220729154-Brugge-Bierbrouwerij-Bourgogne-des-Flandres-768x512.jpg 768w\" sizes=\"(max-width: 800px) 100vw, 800px\" \/><figcaption class=\"wp-element-caption\">02-08-2022 TRAVEL; STEDENTRIP BRUGGE BELGIE Het historisch centrum is als Middeleeuwse stad opgenomen op de werelderfgoedlijst van UNESCO. Een Bierbrouwerij Tour bij Bourgogne des Flandres.  FOTO ANDY SMULDERS \/ PERSFOTO.COM<\/figcaption><\/figure>\n\n\n\n<figure class=\"wp-block-image size-large is-resized\"><img loading=\"lazy\" decoding=\"async\" width=\"800\" height=\"533\" src=\"https:\/\/persfoto.com\/wp-content\/uploads\/2022\/08\/20220729155-Brugge-Bierbrouwerij-Bourgogne-des-Flandres.jpg\" alt=\"\" class=\"wp-image-1425\" style=\"width:968px\" srcset=\"https:\/\/persfoto.com\/wp-content\/uploads\/2022\/08\/20220729155-Brugge-Bierbrouwerij-Bourgogne-des-Flandres.jpg 800w, https:\/\/persfoto.com\/wp-content\/uploads\/2022\/08\/20220729155-Brugge-Bierbrouwerij-Bourgogne-des-Flandres-300x200.jpg 300w, https:\/\/persfoto.com\/wp-content\/uploads\/2022\/08\/20220729155-Brugge-Bierbrouwerij-Bourgogne-des-Flandres-768x512.jpg 768w\" sizes=\"(max-width: 800px) 100vw, 800px\" \/><figcaption class=\"wp-element-caption\">02-08-2022 TRAVEL; STEDENTRIP BRUGGE BELGIE Het historisch centrum is als Middeleeuwse stad opgenomen op de werelderfgoedlijst van UNESCO. Een Bierbrouwerij Tour bij Bourgogne des Flandres.  FOTO ANDY SMULDERS \/ PERSFOTO.COM<\/figcaption><\/figure>\n\n\n\n<figure class=\"wp-block-image size-large is-resized\"><img loading=\"lazy\" decoding=\"async\" width=\"800\" height=\"533\" src=\"https:\/\/persfoto.com\/wp-content\/uploads\/2022\/08\/20220729156-Brugge-Bierbrouwerij-Bourgogne-des-Flandres.jpg\" alt=\"\" class=\"wp-image-1427\" style=\"width:968px\" srcset=\"https:\/\/persfoto.com\/wp-content\/uploads\/2022\/08\/20220729156-Brugge-Bierbrouwerij-Bourgogne-des-Flandres.jpg 800w, https:\/\/persfoto.com\/wp-content\/uploads\/2022\/08\/20220729156-Brugge-Bierbrouwerij-Bourgogne-des-Flandres-300x200.jpg 300w, https:\/\/persfoto.com\/wp-content\/uploads\/2022\/08\/20220729156-Brugge-Bierbrouwerij-Bourgogne-des-Flandres-768x512.jpg 768w\" sizes=\"(max-width: 800px) 100vw, 800px\" \/><figcaption class=\"wp-element-caption\">02-08-2022 TRAVEL; STEDENTRIP BRUGGE BELGIE Het historisch centrum is als Middeleeuwse stad opgenomen op de werelderfgoedlijst van UNESCO. Een Bierbrouwerij Tour bij Bourgogne des Flandres.  FOTO ANDY SMULDERS \/ PERSFOTO.COM<\/figcaption><\/figure>\n\n\n\n<figure class=\"wp-block-image size-large is-resized\"><img loading=\"lazy\" decoding=\"async\" width=\"800\" height=\"533\" src=\"https:\/\/persfoto.com\/wp-content\/uploads\/2022\/08\/20220729159-Brugge-Bierbrouwerij-Bourgogne-des-Flandres.jpg\" alt=\"\" class=\"wp-image-1421\" style=\"width:968px\" srcset=\"https:\/\/persfoto.com\/wp-content\/uploads\/2022\/08\/20220729159-Brugge-Bierbrouwerij-Bourgogne-des-Flandres.jpg 800w, https:\/\/persfoto.com\/wp-content\/uploads\/2022\/08\/20220729159-Brugge-Bierbrouwerij-Bourgogne-des-Flandres-300x200.jpg 300w, https:\/\/persfoto.com\/wp-content\/uploads\/2022\/08\/20220729159-Brugge-Bierbrouwerij-Bourgogne-des-Flandres-768x512.jpg 768w\" sizes=\"(max-width: 800px) 100vw, 800px\" \/><figcaption class=\"wp-element-caption\">02-08-2022 TRAVEL; STEDENTRIP BRUGGE BELGIE Het historisch centrum is als Middeleeuwse stad opgenomen op de werelderfgoedlijst van UNESCO. Een Bierbrouwerij Tour bij Bourgogne des Flandres.  FOTO ANDY SMULDERS \/ PERSFOTO.COM<\/figcaption><\/figure>\n\n\n\n<figure class=\"wp-block-image size-large is-resized\"><img loading=\"lazy\" decoding=\"async\" width=\"800\" height=\"533\" src=\"https:\/\/persfoto.com\/wp-content\/uploads\/2022\/08\/20220729160-Brugge-Bierbrouwerij-Bourgogne-des-Flandres.jpg\" alt=\"\" class=\"wp-image-1408\" style=\"width:968px\" srcset=\"https:\/\/persfoto.com\/wp-content\/uploads\/2022\/08\/20220729160-Brugge-Bierbrouwerij-Bourgogne-des-Flandres.jpg 800w, https:\/\/persfoto.com\/wp-content\/uploads\/2022\/08\/20220729160-Brugge-Bierbrouwerij-Bourgogne-des-Flandres-300x200.jpg 300w, https:\/\/persfoto.com\/wp-content\/uploads\/2022\/08\/20220729160-Brugge-Bierbrouwerij-Bourgogne-des-Flandres-768x512.jpg 768w\" sizes=\"(max-width: 800px) 100vw, 800px\" \/><figcaption class=\"wp-element-caption\">02-08-2022 TRAVEL; STEDENTRIP BRUGGE BELGIE Het historisch centrum is als Middeleeuwse stad opgenomen op de werelderfgoedlijst van UNESCO. Een Bierbrouwerij Tour bij Bourgogne des Flandres.  FOTO ANDY SMULDERS \/ PERSFOTO.COM<\/figcaption><\/figure>\n\n\n\n<figure class=\"wp-block-image size-large is-resized\"><img loading=\"lazy\" decoding=\"async\" width=\"800\" height=\"533\" src=\"https:\/\/persfoto.com\/wp-content\/uploads\/2022\/08\/20220729161-Brugge-Bierbrouwerij-Bourgogne-des-Flandres.jpg\" alt=\"\" class=\"wp-image-1424\" style=\"width:968px\" srcset=\"https:\/\/persfoto.com\/wp-content\/uploads\/2022\/08\/20220729161-Brugge-Bierbrouwerij-Bourgogne-des-Flandres.jpg 800w, https:\/\/persfoto.com\/wp-content\/uploads\/2022\/08\/20220729161-Brugge-Bierbrouwerij-Bourgogne-des-Flandres-300x200.jpg 300w, https:\/\/persfoto.com\/wp-content\/uploads\/2022\/08\/20220729161-Brugge-Bierbrouwerij-Bourgogne-des-Flandres-768x512.jpg 768w\" sizes=\"(max-width: 800px) 100vw, 800px\" \/><figcaption class=\"wp-element-caption\">02-08-2022 TRAVEL; STEDENTRIP BRUGGE BELGIE Het historisch centrum is als Middeleeuwse stad opgenomen op de werelderfgoedlijst van UNESCO. Een Bierbrouwerij Tour bij Bourgogne des Flandres.  FOTO ANDY SMULDERS \/ PERSFOTO.COM<\/figcaption><\/figure>\n\n\n\n<p><strong>Rondvaart door de grachten.<\/strong><\/p>\n\n\n\n<p>Er zijn een paar rederijen in Brugge voor een rondvaart over de Grachten te maken.<br><a rel=\"noreferrer noopener\" href=\"https:\/\/www.facebook.com\/NV-Rondvaarten-De-Meulemeester-1747510935539904\" target=\"_blank\">Rederij de Meulemeester<\/a> is centraal gelegen, net buiten de markt en heeft een zeer goede reputatie.<br>30 Minuten genieten op het water om de cultuur ook eens vanaf het water te kunnen bewonderen.<\/p>\n\n\n\n<figure class=\"wp-block-image size-large is-resized\"><img loading=\"lazy\" decoding=\"async\" width=\"800\" height=\"533\" src=\"https:\/\/persfoto.com\/wp-content\/uploads\/2022\/08\/20220729162-Brugge-Rondvaart-Grachten.jpg\" alt=\"\" class=\"wp-image-1432\" style=\"width:968px\" srcset=\"https:\/\/persfoto.com\/wp-content\/uploads\/2022\/08\/20220729162-Brugge-Rondvaart-Grachten.jpg 800w, https:\/\/persfoto.com\/wp-content\/uploads\/2022\/08\/20220729162-Brugge-Rondvaart-Grachten-300x200.jpg 300w, https:\/\/persfoto.com\/wp-content\/uploads\/2022\/08\/20220729162-Brugge-Rondvaart-Grachten-768x512.jpg 768w\" sizes=\"(max-width: 800px) 100vw, 800px\" \/><figcaption class=\"wp-element-caption\">02-08-2022 TRAVEL; STEDENTRIP BRUGGE BELGIE Het historisch centrum is als Middeleeuwse stad opgenomen op de werelderfgoedlijst van UNESCO. Rondvaart over de Grachten met Rederij de Meulemeester.  FOTO ANDY SMULDERS \/ PERSFOTO.COM<\/figcaption><\/figure>\n\n\n\n<figure class=\"wp-block-image size-large is-resized\"><img loading=\"lazy\" decoding=\"async\" width=\"800\" height=\"533\" src=\"https:\/\/persfoto.com\/wp-content\/uploads\/2022\/08\/20220729163-Brugge-Rondvaart-Grachten.jpg\" alt=\"\" class=\"wp-image-1431\" style=\"width:968px\" srcset=\"https:\/\/persfoto.com\/wp-content\/uploads\/2022\/08\/20220729163-Brugge-Rondvaart-Grachten.jpg 800w, https:\/\/persfoto.com\/wp-content\/uploads\/2022\/08\/20220729163-Brugge-Rondvaart-Grachten-300x200.jpg 300w, https:\/\/persfoto.com\/wp-content\/uploads\/2022\/08\/20220729163-Brugge-Rondvaart-Grachten-768x512.jpg 768w\" sizes=\"(max-width: 800px) 100vw, 800px\" \/><figcaption class=\"wp-element-caption\">02-08-2022 TRAVEL; STEDENTRIP BRUGGE BELGIE Het historisch centrum is als Middeleeuwse stad opgenomen op de werelderfgoedlijst van UNESCO. Rondvaart over de Grachten met Rederij de Meulemeester.  FOTO ANDY SMULDERS \/ PERSFOTO.COM<\/figcaption><\/figure>\n\n\n\n<figure class=\"wp-block-image size-large is-resized\"><img loading=\"lazy\" decoding=\"async\" width=\"800\" height=\"533\" src=\"https:\/\/persfoto.com\/wp-content\/uploads\/2022\/08\/20220729164-Brugge-Rondvaart-Grachten.jpg\" alt=\"\" class=\"wp-image-1434\" style=\"width:968px\" srcset=\"https:\/\/persfoto.com\/wp-content\/uploads\/2022\/08\/20220729164-Brugge-Rondvaart-Grachten.jpg 800w, https:\/\/persfoto.com\/wp-content\/uploads\/2022\/08\/20220729164-Brugge-Rondvaart-Grachten-300x200.jpg 300w, https:\/\/persfoto.com\/wp-content\/uploads\/2022\/08\/20220729164-Brugge-Rondvaart-Grachten-768x512.jpg 768w\" sizes=\"(max-width: 800px) 100vw, 800px\" \/><figcaption class=\"wp-element-caption\">02-08-2022 TRAVEL; STEDENTRIP BRUGGE BELGIE Het historisch centrum is als Middeleeuwse stad opgenomen op de werelderfgoedlijst van UNESCO. Rondvaart over de Grachten met Rederij de Meulemeester.  FOTO ANDY SMULDERS \/ PERSFOTO.COM<\/figcaption><\/figure>\n\n\n\n<figure class=\"wp-block-image size-large is-resized\"><img loading=\"lazy\" decoding=\"async\" width=\"800\" height=\"533\" src=\"https:\/\/persfoto.com\/wp-content\/uploads\/2022\/08\/20220729165-Brugge-Rondvaart-Grachten.jpg\" alt=\"\" class=\"wp-image-1430\" style=\"width:968px\" srcset=\"https:\/\/persfoto.com\/wp-content\/uploads\/2022\/08\/20220729165-Brugge-Rondvaart-Grachten.jpg 800w, https:\/\/persfoto.com\/wp-content\/uploads\/2022\/08\/20220729165-Brugge-Rondvaart-Grachten-300x200.jpg 300w, https:\/\/persfoto.com\/wp-content\/uploads\/2022\/08\/20220729165-Brugge-Rondvaart-Grachten-768x512.jpg 768w\" sizes=\"(max-width: 800px) 100vw, 800px\" \/><figcaption class=\"wp-element-caption\">02-08-2022 TRAVEL; STEDENTRIP BRUGGE BELGIE Het historisch centrum is als Middeleeuwse stad opgenomen op de werelderfgoedlijst van UNESCO. Rondvaart over de Grachten met Rederij de Meulemeester.  FOTO ANDY SMULDERS \/ PERSFOTO.COM<\/figcaption><\/figure>\n\n\n\n<figure class=\"wp-block-image size-large is-resized\"><img loading=\"lazy\" decoding=\"async\" width=\"800\" height=\"533\" src=\"https:\/\/persfoto.com\/wp-content\/uploads\/2022\/08\/20220729168-Brugge-Rondvaart-Grachten-1.jpg\" alt=\"\" class=\"wp-image-1435\" style=\"width:968px\" srcset=\"https:\/\/persfoto.com\/wp-content\/uploads\/2022\/08\/20220729168-Brugge-Rondvaart-Grachten-1.jpg 800w, https:\/\/persfoto.com\/wp-content\/uploads\/2022\/08\/20220729168-Brugge-Rondvaart-Grachten-1-300x200.jpg 300w, https:\/\/persfoto.com\/wp-content\/uploads\/2022\/08\/20220729168-Brugge-Rondvaart-Grachten-1-768x512.jpg 768w\" sizes=\"(max-width: 800px) 100vw, 800px\" \/><figcaption class=\"wp-element-caption\">02-08-2022 TRAVEL; STEDENTRIP BRUGGE BELGIE Het historisch centrum is als Middeleeuwse stad opgenomen op de werelderfgoedlijst van UNESCO. Rondvaart over de Grachten met Rederij de Meulemeester.  FOTO ANDY SMULDERS \/ PERSFOTO.COM<\/figcaption><\/figure>\n\n\n\n<figure class=\"wp-block-image size-large is-resized\"><img loading=\"lazy\" decoding=\"async\" width=\"800\" height=\"533\" src=\"https:\/\/persfoto.com\/wp-content\/uploads\/2022\/08\/20220729169-Brugge-Rondvaart-Grachten.jpg\" alt=\"\" class=\"wp-image-1437\" style=\"width:968px\" srcset=\"https:\/\/persfoto.com\/wp-content\/uploads\/2022\/08\/20220729169-Brugge-Rondvaart-Grachten.jpg 800w, https:\/\/persfoto.com\/wp-content\/uploads\/2022\/08\/20220729169-Brugge-Rondvaart-Grachten-300x200.jpg 300w, https:\/\/persfoto.com\/wp-content\/uploads\/2022\/08\/20220729169-Brugge-Rondvaart-Grachten-768x512.jpg 768w\" sizes=\"(max-width: 800px) 100vw, 800px\" \/><figcaption class=\"wp-element-caption\">02-08-2022 TRAVEL; STEDENTRIP BRUGGE BELGIE Het historisch centrum is als Middeleeuwse stad opgenomen op de werelderfgoedlijst van UNESCO. Rondvaart over de Grachten met Rederij de Meulemeester.  FOTO ANDY SMULDERS \/ PERSFOTO.COM<\/figcaption><\/figure>\n\n\n\n<figure class=\"wp-block-image size-large is-resized\"><img loading=\"lazy\" decoding=\"async\" width=\"800\" height=\"533\" src=\"https:\/\/persfoto.com\/wp-content\/uploads\/2022\/08\/20220729170-Brugge-Rondvaart-Grachten.jpg\" alt=\"\" class=\"wp-image-1438\" style=\"width:968px\" srcset=\"https:\/\/persfoto.com\/wp-content\/uploads\/2022\/08\/20220729170-Brugge-Rondvaart-Grachten.jpg 800w, https:\/\/persfoto.com\/wp-content\/uploads\/2022\/08\/20220729170-Brugge-Rondvaart-Grachten-300x200.jpg 300w, https:\/\/persfoto.com\/wp-content\/uploads\/2022\/08\/20220729170-Brugge-Rondvaart-Grachten-768x512.jpg 768w\" sizes=\"(max-width: 800px) 100vw, 800px\" \/><figcaption class=\"wp-element-caption\">02-08-2022 TRAVEL; STEDENTRIP BRUGGE BELGIE Het historisch centrum is als Middeleeuwse stad opgenomen op de werelderfgoedlijst van UNESCO. Rondvaart over de Grachten met Rederij de Meulemeester.  FOTO ANDY SMULDERS \/ PERSFOTO.COM<\/figcaption><\/figure>\n\n\n\n<figure class=\"wp-block-image size-large is-resized\"><img loading=\"lazy\" decoding=\"async\" width=\"800\" height=\"533\" src=\"https:\/\/persfoto.com\/wp-content\/uploads\/2022\/08\/20220729171-Brugge-Rondvaart-Grachten.jpg\" alt=\"\" class=\"wp-image-1439\" style=\"width:968px\" srcset=\"https:\/\/persfoto.com\/wp-content\/uploads\/2022\/08\/20220729171-Brugge-Rondvaart-Grachten.jpg 800w, https:\/\/persfoto.com\/wp-content\/uploads\/2022\/08\/20220729171-Brugge-Rondvaart-Grachten-300x200.jpg 300w, https:\/\/persfoto.com\/wp-content\/uploads\/2022\/08\/20220729171-Brugge-Rondvaart-Grachten-768x512.jpg 768w\" sizes=\"(max-width: 800px) 100vw, 800px\" \/><figcaption class=\"wp-element-caption\">02-08-2022 TRAVEL; STEDENTRIP BRUGGE BELGIE Het historisch centrum is als Middeleeuwse stad opgenomen op de werelderfgoedlijst van UNESCO. Rondvaart over de Grachten met Rederij de Meulemeester.  FOTO ANDY SMULDERS \/ PERSFOTO.COM<\/figcaption><\/figure>\n\n\n\n<figure class=\"wp-block-image size-large is-resized\"><img loading=\"lazy\" decoding=\"async\" width=\"800\" height=\"533\" src=\"https:\/\/persfoto.com\/wp-content\/uploads\/2022\/08\/20220729175-Brugge-Rondvaart-Grachten.jpg\" alt=\"\" class=\"wp-image-1433\" style=\"width:968px\" srcset=\"https:\/\/persfoto.com\/wp-content\/uploads\/2022\/08\/20220729175-Brugge-Rondvaart-Grachten.jpg 800w, https:\/\/persfoto.com\/wp-content\/uploads\/2022\/08\/20220729175-Brugge-Rondvaart-Grachten-300x200.jpg 300w, https:\/\/persfoto.com\/wp-content\/uploads\/2022\/08\/20220729175-Brugge-Rondvaart-Grachten-768x512.jpg 768w\" sizes=\"(max-width: 800px) 100vw, 800px\" \/><figcaption class=\"wp-element-caption\">02-08-2022 TRAVEL; STEDENTRIP BRUGGE BELGIE Het historisch centrum is als Middeleeuwse stad opgenomen op de werelderfgoedlijst van UNESCO. Rondvaart over de Grachten met Rederij de Meulemeester.  FOTO ANDY SMULDERS \/ PERSFOTO.COM<\/figcaption><\/figure>\n\n\n\n<figure class=\"wp-block-image size-large is-resized\"><img loading=\"lazy\" decoding=\"async\" width=\"800\" height=\"533\" src=\"https:\/\/persfoto.com\/wp-content\/uploads\/2022\/08\/20220729179-Brugge-Rondvaart-Grachten.jpg\" alt=\"\" class=\"wp-image-1436\" style=\"width:968px\" srcset=\"https:\/\/persfoto.com\/wp-content\/uploads\/2022\/08\/20220729179-Brugge-Rondvaart-Grachten.jpg 800w, https:\/\/persfoto.com\/wp-content\/uploads\/2022\/08\/20220729179-Brugge-Rondvaart-Grachten-300x200.jpg 300w, https:\/\/persfoto.com\/wp-content\/uploads\/2022\/08\/20220729179-Brugge-Rondvaart-Grachten-768x512.jpg 768w\" sizes=\"(max-width: 800px) 100vw, 800px\" \/><figcaption class=\"wp-element-caption\">02-08-2022 TRAVEL; STEDENTRIP BRUGGE BELGIE Het historisch centrum is als Middeleeuwse stad opgenomen op de werelderfgoedlijst van UNESCO. Rondvaart over de Grachten met Rederij de Meulemeester.  FOTO ANDY SMULDERS \/ PERSFOTO.COM<\/figcaption><\/figure>\n\n\n\n<p><strong>De oude stad met zijn vele fotografische plekjes.<\/strong><\/p>\n\n\n\n<p>Overal in de stad kom je Chocolade en Bonbon winkels tegen.<br>Chocolade het snoep van de liefde gaat dus kennelijk wel door de maag.<br>Dwaal ook lekker door de straatjes en kom hele leuke fotografische locaties tegen.<br>Vooral in de ochtend is het licht goed en nog niet te druk op straat.<\/p>\n\n\n\n<figure class=\"wp-block-image size-large is-resized\"><img loading=\"lazy\" decoding=\"async\" width=\"800\" height=\"533\" src=\"https:\/\/persfoto.com\/wp-content\/uploads\/2022\/08\/20220729025-Brugge-Historisch-Centrum.jpg\" alt=\"\" class=\"wp-image-1442\" style=\"width:968px\" srcset=\"https:\/\/persfoto.com\/wp-content\/uploads\/2022\/08\/20220729025-Brugge-Historisch-Centrum.jpg 800w, https:\/\/persfoto.com\/wp-content\/uploads\/2022\/08\/20220729025-Brugge-Historisch-Centrum-300x200.jpg 300w, https:\/\/persfoto.com\/wp-content\/uploads\/2022\/08\/20220729025-Brugge-Historisch-Centrum-768x512.jpg 768w\" sizes=\"(max-width: 800px) 100vw, 800px\" \/><figcaption class=\"wp-element-caption\">02-08-2022 TRAVEL; STEDENTRIP BRUGGE BELGIE Het historisch centrum is als Middeleeuwse stad opgenomen op de werelderfgoedlijst van UNESCO.  FOTO ANDY SMULDERS \/ PERSFOTO.COM<\/figcaption><\/figure>\n\n\n\n<figure class=\"wp-block-image size-large is-resized\"><img loading=\"lazy\" decoding=\"async\" width=\"800\" height=\"533\" src=\"https:\/\/persfoto.com\/wp-content\/uploads\/2022\/08\/20220729026-Brugge-Historisch-Centrum.jpg\" alt=\"\" class=\"wp-image-1441\" style=\"width:968px\" srcset=\"https:\/\/persfoto.com\/wp-content\/uploads\/2022\/08\/20220729026-Brugge-Historisch-Centrum.jpg 800w, https:\/\/persfoto.com\/wp-content\/uploads\/2022\/08\/20220729026-Brugge-Historisch-Centrum-300x200.jpg 300w, https:\/\/persfoto.com\/wp-content\/uploads\/2022\/08\/20220729026-Brugge-Historisch-Centrum-768x512.jpg 768w\" sizes=\"(max-width: 800px) 100vw, 800px\" \/><figcaption class=\"wp-element-caption\">02-08-2022 TRAVEL; STEDENTRIP BRUGGE BELGIE Het historisch centrum is als Middeleeuwse stad opgenomen op de werelderfgoedlijst van UNESCO.  FOTO ANDY SMULDERS \/ PERSFOTO.COM<\/figcaption><\/figure>\n\n\n\n<figure class=\"wp-block-image size-large is-resized\"><img loading=\"lazy\" decoding=\"async\" width=\"800\" height=\"533\" src=\"https:\/\/persfoto.com\/wp-content\/uploads\/2022\/08\/20220729027-Brugge-Historisch-Centrum.jpg\" alt=\"\" class=\"wp-image-1443\" style=\"width:968px\" srcset=\"https:\/\/persfoto.com\/wp-content\/uploads\/2022\/08\/20220729027-Brugge-Historisch-Centrum.jpg 800w, https:\/\/persfoto.com\/wp-content\/uploads\/2022\/08\/20220729027-Brugge-Historisch-Centrum-300x200.jpg 300w, https:\/\/persfoto.com\/wp-content\/uploads\/2022\/08\/20220729027-Brugge-Historisch-Centrum-768x512.jpg 768w\" sizes=\"(max-width: 800px) 100vw, 800px\" \/><figcaption class=\"wp-element-caption\">02-08-2022 TRAVEL; STEDENTRIP BRUGGE BELGIE Het historisch centrum is als Middeleeuwse stad opgenomen op de werelderfgoedlijst van UNESCO.  FOTO ANDY SMULDERS \/ PERSFOTO.COM<\/figcaption><\/figure>\n\n\n\n<figure class=\"wp-block-image size-large is-resized\"><img loading=\"lazy\" decoding=\"async\" width=\"800\" height=\"533\" src=\"https:\/\/persfoto.com\/wp-content\/uploads\/2022\/08\/20220729031-Brugge-Historisch-Centrum.jpg\" alt=\"\" class=\"wp-image-1440\" style=\"width:968px\" srcset=\"https:\/\/persfoto.com\/wp-content\/uploads\/2022\/08\/20220729031-Brugge-Historisch-Centrum.jpg 800w, https:\/\/persfoto.com\/wp-content\/uploads\/2022\/08\/20220729031-Brugge-Historisch-Centrum-300x200.jpg 300w, https:\/\/persfoto.com\/wp-content\/uploads\/2022\/08\/20220729031-Brugge-Historisch-Centrum-768x512.jpg 768w\" sizes=\"(max-width: 800px) 100vw, 800px\" \/><figcaption class=\"wp-element-caption\">02-08-2022 TRAVEL; STEDENTRIP BRUGGE BELGIE Het historisch centrum is als Middeleeuwse stad opgenomen op de werelderfgoedlijst van UNESCO.  FOTO ANDY SMULDERS \/ PERSFOTO.COM<\/figcaption><\/figure>\n\n\n\n<figure class=\"wp-block-image size-large is-resized\"><img loading=\"lazy\" decoding=\"async\" width=\"800\" height=\"533\" src=\"https:\/\/persfoto.com\/wp-content\/uploads\/2022\/08\/20220729033-Brugge-Historisch-Centrum.jpg\" alt=\"\" class=\"wp-image-1445\" style=\"width:968px\" srcset=\"https:\/\/persfoto.com\/wp-content\/uploads\/2022\/08\/20220729033-Brugge-Historisch-Centrum.jpg 800w, https:\/\/persfoto.com\/wp-content\/uploads\/2022\/08\/20220729033-Brugge-Historisch-Centrum-300x200.jpg 300w, https:\/\/persfoto.com\/wp-content\/uploads\/2022\/08\/20220729033-Brugge-Historisch-Centrum-768x512.jpg 768w\" sizes=\"(max-width: 800px) 100vw, 800px\" \/><figcaption class=\"wp-element-caption\">02-08-2022 TRAVEL; STEDENTRIP BRUGGE BELGIE Het historisch centrum is als Middeleeuwse stad opgenomen op de werelderfgoedlijst van UNESCO.  FOTO ANDY SMULDERS \/ PERSFOTO.COM<\/figcaption><\/figure>\n\n\n\n<figure class=\"wp-block-image size-large is-resized\"><img loading=\"lazy\" decoding=\"async\" width=\"800\" height=\"533\" src=\"https:\/\/persfoto.com\/wp-content\/uploads\/2022\/08\/20220729034-Brugge-Historisch-Centrum.jpg\" alt=\"\" class=\"wp-image-1448\" style=\"width:968px\" srcset=\"https:\/\/persfoto.com\/wp-content\/uploads\/2022\/08\/20220729034-Brugge-Historisch-Centrum.jpg 800w, https:\/\/persfoto.com\/wp-content\/uploads\/2022\/08\/20220729034-Brugge-Historisch-Centrum-300x200.jpg 300w, https:\/\/persfoto.com\/wp-content\/uploads\/2022\/08\/20220729034-Brugge-Historisch-Centrum-768x512.jpg 768w\" sizes=\"(max-width: 800px) 100vw, 800px\" \/><figcaption class=\"wp-element-caption\">02-08-2022 TRAVEL; STEDENTRIP BRUGGE BELGIE Het historisch centrum is als Middeleeuwse stad opgenomen op de werelderfgoedlijst van UNESCO.  FOTO ANDY SMULDERS \/ PERSFOTO.COM<\/figcaption><\/figure>\n\n\n\n<figure class=\"wp-block-image size-large is-resized\"><img loading=\"lazy\" decoding=\"async\" width=\"800\" height=\"533\" src=\"https:\/\/persfoto.com\/wp-content\/uploads\/2022\/08\/20220729036-Brugge-Historisch-Centrum.jpg\" alt=\"\" class=\"wp-image-1447\" style=\"width:968px\" srcset=\"https:\/\/persfoto.com\/wp-content\/uploads\/2022\/08\/20220729036-Brugge-Historisch-Centrum.jpg 800w, https:\/\/persfoto.com\/wp-content\/uploads\/2022\/08\/20220729036-Brugge-Historisch-Centrum-300x200.jpg 300w, https:\/\/persfoto.com\/wp-content\/uploads\/2022\/08\/20220729036-Brugge-Historisch-Centrum-768x512.jpg 768w\" sizes=\"(max-width: 800px) 100vw, 800px\" \/><figcaption class=\"wp-element-caption\">02-08-2022 TRAVEL; STEDENTRIP BRUGGE BELGIE Het historisch centrum is als Middeleeuwse stad opgenomen op de werelderfgoedlijst van UNESCO.  FOTO ANDY SMULDERS \/ PERSFOTO.COM<\/figcaption><\/figure>\n\n\n\n<figure class=\"wp-block-image size-large is-resized\"><img loading=\"lazy\" decoding=\"async\" width=\"800\" height=\"533\" src=\"https:\/\/persfoto.com\/wp-content\/uploads\/2022\/08\/20220729037-Brugge-Historisch-Centrum.jpg\" alt=\"\" class=\"wp-image-1444\" style=\"width:968px\" srcset=\"https:\/\/persfoto.com\/wp-content\/uploads\/2022\/08\/20220729037-Brugge-Historisch-Centrum.jpg 800w, https:\/\/persfoto.com\/wp-content\/uploads\/2022\/08\/20220729037-Brugge-Historisch-Centrum-300x200.jpg 300w, https:\/\/persfoto.com\/wp-content\/uploads\/2022\/08\/20220729037-Brugge-Historisch-Centrum-768x512.jpg 768w\" sizes=\"(max-width: 800px) 100vw, 800px\" \/><figcaption class=\"wp-element-caption\">02-08-2022 TRAVEL; STEDENTRIP BRUGGE BELGIE Het historisch centrum is als Middeleeuwse stad opgenomen op de werelderfgoedlijst van UNESCO. Arendshof met een kunstwerk van Rik Poot. The Four Horsemen of the Apocalypse.  FOTO ANDY SMULDERS \/ PERSFOTO.COM<\/figcaption><\/figure>\n\n\n\n<figure class=\"wp-block-image size-large is-resized\"><img loading=\"lazy\" decoding=\"async\" width=\"800\" height=\"533\" src=\"https:\/\/persfoto.com\/wp-content\/uploads\/2022\/08\/20220729038-Brugge-Historisch-Centrum.jpg\" alt=\"\" class=\"wp-image-1449\" style=\"width:968px\" srcset=\"https:\/\/persfoto.com\/wp-content\/uploads\/2022\/08\/20220729038-Brugge-Historisch-Centrum.jpg 800w, https:\/\/persfoto.com\/wp-content\/uploads\/2022\/08\/20220729038-Brugge-Historisch-Centrum-300x200.jpg 300w, https:\/\/persfoto.com\/wp-content\/uploads\/2022\/08\/20220729038-Brugge-Historisch-Centrum-768x512.jpg 768w\" sizes=\"(max-width: 800px) 100vw, 800px\" \/><figcaption class=\"wp-element-caption\">02-08-2022 TRAVEL; STEDENTRIP BRUGGE BELGIE Het historisch centrum is als Middeleeuwse stad opgenomen op de werelderfgoedlijst van UNESCO. Arendshof met een kunstwerk van Rik Poot. The Four Horsemen of the Apocalypse.  FOTO ANDY SMULDERS \/ PERSFOTO.COM<\/figcaption><\/figure>\n\n\n\n<figure class=\"wp-block-image size-large is-resized\"><img loading=\"lazy\" decoding=\"async\" width=\"800\" height=\"533\" src=\"https:\/\/persfoto.com\/wp-content\/uploads\/2022\/08\/20220729039-Brugge-Historisch-Centrum.jpg\" alt=\"\" class=\"wp-image-1446\" style=\"width:968px\" srcset=\"https:\/\/persfoto.com\/wp-content\/uploads\/2022\/08\/20220729039-Brugge-Historisch-Centrum.jpg 800w, https:\/\/persfoto.com\/wp-content\/uploads\/2022\/08\/20220729039-Brugge-Historisch-Centrum-300x200.jpg 300w, https:\/\/persfoto.com\/wp-content\/uploads\/2022\/08\/20220729039-Brugge-Historisch-Centrum-768x512.jpg 768w\" sizes=\"(max-width: 800px) 100vw, 800px\" \/><figcaption class=\"wp-element-caption\">02-08-2022 TRAVEL; STEDENTRIP BRUGGE BELGIE Het historisch centrum is als Middeleeuwse stad opgenomen op de werelderfgoedlijst van UNESCO. Arendshof met een kunstwerk van Rik Poot. The Four Horsemen of the Apocalypse.  FOTO ANDY SMULDERS \/ PERSFOTO.COM<\/figcaption><\/figure>\n\n\n\n<figure class=\"wp-block-image size-large is-resized\"><img loading=\"lazy\" decoding=\"async\" width=\"800\" height=\"533\" src=\"https:\/\/persfoto.com\/wp-content\/uploads\/2022\/08\/20220729040-Brugge-Historisch-Centrum.jpg\" alt=\"\" class=\"wp-image-1455\" style=\"width:968px\" srcset=\"https:\/\/persfoto.com\/wp-content\/uploads\/2022\/08\/20220729040-Brugge-Historisch-Centrum.jpg 800w, https:\/\/persfoto.com\/wp-content\/uploads\/2022\/08\/20220729040-Brugge-Historisch-Centrum-300x200.jpg 300w, https:\/\/persfoto.com\/wp-content\/uploads\/2022\/08\/20220729040-Brugge-Historisch-Centrum-768x512.jpg 768w\" sizes=\"(max-width: 800px) 100vw, 800px\" \/><figcaption class=\"wp-element-caption\">02-08-2022 TRAVEL; STEDENTRIP BRUGGE BELGIE Het historisch centrum is als Middeleeuwse stad opgenomen op de werelderfgoedlijst van UNESCO.  FOTO ANDY SMULDERS \/ PERSFOTO.COM<\/figcaption><\/figure>\n\n\n\n<figure class=\"wp-block-image size-large is-resized\"><img loading=\"lazy\" decoding=\"async\" width=\"800\" height=\"533\" src=\"https:\/\/persfoto.com\/wp-content\/uploads\/2022\/08\/20220729042-Brugge-Historisch-Centrum.jpg\" alt=\"\" class=\"wp-image-1450\" style=\"width:968px\" srcset=\"https:\/\/persfoto.com\/wp-content\/uploads\/2022\/08\/20220729042-Brugge-Historisch-Centrum.jpg 800w, https:\/\/persfoto.com\/wp-content\/uploads\/2022\/08\/20220729042-Brugge-Historisch-Centrum-300x200.jpg 300w, https:\/\/persfoto.com\/wp-content\/uploads\/2022\/08\/20220729042-Brugge-Historisch-Centrum-768x512.jpg 768w\" sizes=\"(max-width: 800px) 100vw, 800px\" \/><figcaption class=\"wp-element-caption\">02-08-2022 TRAVEL; STEDENTRIP BRUGGE BELGIE Het historisch centrum is als Middeleeuwse stad opgenomen op de werelderfgoedlijst van UNESCO.  FOTO ANDY SMULDERS \/ PERSFOTO.COM<\/figcaption><\/figure>\n\n\n\n<figure class=\"wp-block-image size-large is-resized\"><img loading=\"lazy\" decoding=\"async\" width=\"800\" height=\"533\" src=\"https:\/\/persfoto.com\/wp-content\/uploads\/2022\/08\/20220729043-Brugge-Historisch-Centrum.jpg\" alt=\"\" class=\"wp-image-1452\" style=\"width:968px\" srcset=\"https:\/\/persfoto.com\/wp-content\/uploads\/2022\/08\/20220729043-Brugge-Historisch-Centrum.jpg 800w, https:\/\/persfoto.com\/wp-content\/uploads\/2022\/08\/20220729043-Brugge-Historisch-Centrum-300x200.jpg 300w, https:\/\/persfoto.com\/wp-content\/uploads\/2022\/08\/20220729043-Brugge-Historisch-Centrum-768x512.jpg 768w\" sizes=\"(max-width: 800px) 100vw, 800px\" \/><figcaption class=\"wp-element-caption\">02-08-2022 TRAVEL; STEDENTRIP BRUGGE BELGIE Het historisch centrum is als Middeleeuwse stad opgenomen op de werelderfgoedlijst van UNESCO.  FOTO ANDY SMULDERS \/ PERSFOTO.COM<\/figcaption><\/figure>\n\n\n\n<figure class=\"wp-block-image size-large is-resized\"><img loading=\"lazy\" decoding=\"async\" width=\"800\" height=\"533\" src=\"https:\/\/persfoto.com\/wp-content\/uploads\/2022\/08\/20220729051-Brugge-Historisch-Centrum.jpg\" alt=\"\" class=\"wp-image-1457\" style=\"width:968px\" srcset=\"https:\/\/persfoto.com\/wp-content\/uploads\/2022\/08\/20220729051-Brugge-Historisch-Centrum.jpg 800w, https:\/\/persfoto.com\/wp-content\/uploads\/2022\/08\/20220729051-Brugge-Historisch-Centrum-300x200.jpg 300w, https:\/\/persfoto.com\/wp-content\/uploads\/2022\/08\/20220729051-Brugge-Historisch-Centrum-768x512.jpg 768w\" sizes=\"(max-width: 800px) 100vw, 800px\" \/><figcaption class=\"wp-element-caption\">02-08-2022 TRAVEL; STEDENTRIP BRUGGE BELGIE Het historisch centrum is als Middeleeuwse stad opgenomen op de werelderfgoedlijst van UNESCO.  FOTO ANDY SMULDERS \/ PERSFOTO.COM<\/figcaption><\/figure>\n\n\n\n<figure class=\"wp-block-image size-large is-resized\"><img loading=\"lazy\" decoding=\"async\" width=\"800\" height=\"533\" src=\"https:\/\/persfoto.com\/wp-content\/uploads\/2022\/08\/20220729048-Brugge-Historisch-Centrum.jpg\" alt=\"\" class=\"wp-image-1453\" style=\"width:968px\" srcset=\"https:\/\/persfoto.com\/wp-content\/uploads\/2022\/08\/20220729048-Brugge-Historisch-Centrum.jpg 800w, https:\/\/persfoto.com\/wp-content\/uploads\/2022\/08\/20220729048-Brugge-Historisch-Centrum-300x200.jpg 300w, https:\/\/persfoto.com\/wp-content\/uploads\/2022\/08\/20220729048-Brugge-Historisch-Centrum-768x512.jpg 768w\" sizes=\"(max-width: 800px) 100vw, 800px\" \/><figcaption class=\"wp-element-caption\">02-08-2022 TRAVEL; STEDENTRIP BRUGGE BELGIE Het historisch centrum is als Middeleeuwse stad opgenomen op de werelderfgoedlijst van UNESCO. Buitenmuren ge\u00efmpregneerd bij Renovatie.  FOTO ANDY SMULDERS \/ PERSFOTO.COM<\/figcaption><\/figure>\n\n\n\n<figure class=\"wp-block-image size-large is-resized\"><img loading=\"lazy\" decoding=\"async\" width=\"800\" height=\"533\" src=\"https:\/\/persfoto.com\/wp-content\/uploads\/2022\/08\/20220729052-Brugge-Historisch-Centrum.jpg\" alt=\"\" class=\"wp-image-1459\" style=\"width:968px\" srcset=\"https:\/\/persfoto.com\/wp-content\/uploads\/2022\/08\/20220729052-Brugge-Historisch-Centrum.jpg 800w, https:\/\/persfoto.com\/wp-content\/uploads\/2022\/08\/20220729052-Brugge-Historisch-Centrum-300x200.jpg 300w, https:\/\/persfoto.com\/wp-content\/uploads\/2022\/08\/20220729052-Brugge-Historisch-Centrum-768x512.jpg 768w\" sizes=\"(max-width: 800px) 100vw, 800px\" \/><figcaption class=\"wp-element-caption\">02-08-2022 TRAVEL; STEDENTRIP BRUGGE BELGIE Het historisch centrum is als Middeleeuwse stad opgenomen op de werelderfgoedlijst van UNESCO. Paard en Koets veelvuldig gebruikt door toeristen.  FOTO ANDY SMULDERS \/ PERSFOTO.COM<\/figcaption><\/figure>\n\n\n\n<figure class=\"wp-block-image size-large is-resized\"><img loading=\"lazy\" decoding=\"async\" width=\"800\" height=\"533\" src=\"https:\/\/persfoto.com\/wp-content\/uploads\/2022\/08\/20220729054-Brugge-Historisch-Centrum.jpg\" alt=\"\" class=\"wp-image-1463\" style=\"width:968px\" srcset=\"https:\/\/persfoto.com\/wp-content\/uploads\/2022\/08\/20220729054-Brugge-Historisch-Centrum.jpg 800w, https:\/\/persfoto.com\/wp-content\/uploads\/2022\/08\/20220729054-Brugge-Historisch-Centrum-300x200.jpg 300w, https:\/\/persfoto.com\/wp-content\/uploads\/2022\/08\/20220729054-Brugge-Historisch-Centrum-768x512.jpg 768w\" sizes=\"(max-width: 800px) 100vw, 800px\" \/><figcaption class=\"wp-element-caption\">02-08-2022 TRAVEL; STEDENTRIP BRUGGE BELGIE Het historisch centrum is als Middeleeuwse stad opgenomen op de werelderfgoedlijst van UNESCO. Rondvaart over de Grachten.  FOTO ANDY SMULDERS \/ PERSFOTO.COM<\/figcaption><\/figure>\n\n\n\n<figure class=\"wp-block-image size-large is-resized\"><img loading=\"lazy\" decoding=\"async\" width=\"800\" height=\"533\" src=\"https:\/\/persfoto.com\/wp-content\/uploads\/2022\/08\/20220729055-Brugge-Historisch-Centrum.jpg\" alt=\"\" class=\"wp-image-1458\" style=\"width:968px\" srcset=\"https:\/\/persfoto.com\/wp-content\/uploads\/2022\/08\/20220729055-Brugge-Historisch-Centrum.jpg 800w, https:\/\/persfoto.com\/wp-content\/uploads\/2022\/08\/20220729055-Brugge-Historisch-Centrum-300x200.jpg 300w, https:\/\/persfoto.com\/wp-content\/uploads\/2022\/08\/20220729055-Brugge-Historisch-Centrum-768x512.jpg 768w\" sizes=\"(max-width: 800px) 100vw, 800px\" \/><figcaption class=\"wp-element-caption\">02-08-2022 TRAVEL; STEDENTRIP BRUGGE BELGIE Het historisch centrum is als Middeleeuwse stad opgenomen op de werelderfgoedlijst van UNESCO. Rondvaart over de Grachten.  FOTO ANDY SMULDERS \/ PERSFOTO.COM<\/figcaption><\/figure>\n\n\n\n<figure class=\"wp-block-image size-large is-resized\"><img loading=\"lazy\" decoding=\"async\" width=\"800\" height=\"533\" src=\"https:\/\/persfoto.com\/wp-content\/uploads\/2022\/08\/20220729057-Brugge-Historisch-Centrum.jpg\" alt=\"\" class=\"wp-image-1456\" style=\"width:968px\" srcset=\"https:\/\/persfoto.com\/wp-content\/uploads\/2022\/08\/20220729057-Brugge-Historisch-Centrum.jpg 800w, https:\/\/persfoto.com\/wp-content\/uploads\/2022\/08\/20220729057-Brugge-Historisch-Centrum-300x200.jpg 300w, https:\/\/persfoto.com\/wp-content\/uploads\/2022\/08\/20220729057-Brugge-Historisch-Centrum-768x512.jpg 768w\" sizes=\"(max-width: 800px) 100vw, 800px\" \/><figcaption class=\"wp-element-caption\">02-08-2022 TRAVEL; STEDENTRIP BRUGGE BELGIE Het historisch centrum is als Middeleeuwse stad opgenomen op de werelderfgoedlijst van UNESCO.  FOTO ANDY SMULDERS \/ PERSFOTO.COM<\/figcaption><\/figure>\n\n\n\n<figure class=\"wp-block-image size-large is-resized\"><img loading=\"lazy\" decoding=\"async\" width=\"800\" height=\"533\" src=\"https:\/\/persfoto.com\/wp-content\/uploads\/2022\/08\/20220729064-Brugge-Historisch-Centrum.jpg\" alt=\"\" class=\"wp-image-1462\" style=\"width:968px\" srcset=\"https:\/\/persfoto.com\/wp-content\/uploads\/2022\/08\/20220729064-Brugge-Historisch-Centrum.jpg 800w, https:\/\/persfoto.com\/wp-content\/uploads\/2022\/08\/20220729064-Brugge-Historisch-Centrum-300x200.jpg 300w, https:\/\/persfoto.com\/wp-content\/uploads\/2022\/08\/20220729064-Brugge-Historisch-Centrum-768x512.jpg 768w\" sizes=\"(max-width: 800px) 100vw, 800px\" \/><figcaption class=\"wp-element-caption\">02-08-2022 TRAVEL; STEDENTRIP BRUGGE BELGIE Het historisch centrum is als Middeleeuwse stad opgenomen op de werelderfgoedlijst van UNESCO. Ook de Kerstwinkels zijn gewoon open in de zomer.  FOTO ANDY SMULDERS \/ PERSFOTO.COM<\/figcaption><\/figure>\n\n\n\n<figure class=\"wp-block-image size-large is-resized\"><img loading=\"lazy\" decoding=\"async\" width=\"800\" height=\"533\" src=\"https:\/\/persfoto.com\/wp-content\/uploads\/2022\/08\/20220729068-Brugge-Historisch-Centrum.jpg\" alt=\"\" class=\"wp-image-1465\" style=\"width:968px\" srcset=\"https:\/\/persfoto.com\/wp-content\/uploads\/2022\/08\/20220729068-Brugge-Historisch-Centrum.jpg 800w, https:\/\/persfoto.com\/wp-content\/uploads\/2022\/08\/20220729068-Brugge-Historisch-Centrum-300x200.jpg 300w, https:\/\/persfoto.com\/wp-content\/uploads\/2022\/08\/20220729068-Brugge-Historisch-Centrum-768x512.jpg 768w\" sizes=\"(max-width: 800px) 100vw, 800px\" \/><figcaption class=\"wp-element-caption\">02-08-2022 TRAVEL; STEDENTRIP BRUGGE BELGIE Het historisch centrum is als Middeleeuwse stad opgenomen op de werelderfgoedlijst van UNESCO. Paard en Koets veelvuldig gebruikt door toeristen.  FOTO ANDY SMULDERS \/ PERSFOTO.COM<\/figcaption><\/figure>\n\n\n\n<figure class=\"wp-block-image size-large is-resized\"><img loading=\"lazy\" decoding=\"async\" width=\"800\" height=\"533\" src=\"https:\/\/persfoto.com\/wp-content\/uploads\/2022\/08\/20220729071-Brugge-Historisch-Centrum.jpg\" alt=\"\" class=\"wp-image-1454\" style=\"width:968px\" srcset=\"https:\/\/persfoto.com\/wp-content\/uploads\/2022\/08\/20220729071-Brugge-Historisch-Centrum.jpg 800w, https:\/\/persfoto.com\/wp-content\/uploads\/2022\/08\/20220729071-Brugge-Historisch-Centrum-300x200.jpg 300w, https:\/\/persfoto.com\/wp-content\/uploads\/2022\/08\/20220729071-Brugge-Historisch-Centrum-768x512.jpg 768w\" sizes=\"(max-width: 800px) 100vw, 800px\" \/><figcaption class=\"wp-element-caption\">02-08-2022 TRAVEL; STEDENTRIP BRUGGE BELGIE Het historisch centrum is als Middeleeuwse stad opgenomen op de werelderfgoedlijst van UNESCO. De Markt in het centrum.  FOTO ANDY SMULDERS \/ PERSFOTO.COM<\/figcaption><\/figure>\n\n\n\n<figure class=\"wp-block-image size-large is-resized\"><img loading=\"lazy\" decoding=\"async\" width=\"800\" height=\"533\" src=\"https:\/\/persfoto.com\/wp-content\/uploads\/2022\/08\/20220729077-Brugge-Historisch-Centrum.jpg\" alt=\"\" class=\"wp-image-1464\" style=\"width:968px\" srcset=\"https:\/\/persfoto.com\/wp-content\/uploads\/2022\/08\/20220729077-Brugge-Historisch-Centrum.jpg 800w, https:\/\/persfoto.com\/wp-content\/uploads\/2022\/08\/20220729077-Brugge-Historisch-Centrum-300x200.jpg 300w, https:\/\/persfoto.com\/wp-content\/uploads\/2022\/08\/20220729077-Brugge-Historisch-Centrum-768x512.jpg 768w\" sizes=\"(max-width: 800px) 100vw, 800px\" \/><figcaption class=\"wp-element-caption\">02-08-2022 TRAVEL; STEDENTRIP BRUGGE BELGIE Het historisch centrum is als Middeleeuwse stad opgenomen op de werelderfgoedlijst van UNESCO. Paard en Koets veelvuldig gebruikt door toeristen.  FOTO ANDY SMULDERS \/ PERSFOTO.COM<\/figcaption><\/figure>\n\n\n\n<figure class=\"wp-block-image size-large is-resized\"><img loading=\"lazy\" decoding=\"async\" width=\"800\" height=\"533\" src=\"https:\/\/persfoto.com\/wp-content\/uploads\/2022\/08\/20220729079-Brugge-Historisch-Centrum.jpg\" alt=\"\" class=\"wp-image-1451\" style=\"width:968px\" srcset=\"https:\/\/persfoto.com\/wp-content\/uploads\/2022\/08\/20220729079-Brugge-Historisch-Centrum.jpg 800w, https:\/\/persfoto.com\/wp-content\/uploads\/2022\/08\/20220729079-Brugge-Historisch-Centrum-300x200.jpg 300w, https:\/\/persfoto.com\/wp-content\/uploads\/2022\/08\/20220729079-Brugge-Historisch-Centrum-768x512.jpg 768w\" sizes=\"(max-width: 800px) 100vw, 800px\" \/><figcaption class=\"wp-element-caption\">02-08-2022 TRAVEL; STEDENTRIP BRUGGE BELGIE Het historisch centrum is als Middeleeuwse stad opgenomen op de werelderfgoedlijst van UNESCO.  FOTO ANDY SMULDERS \/ PERSFOTO.COM<\/figcaption><\/figure>\n\n\n\n<figure class=\"wp-block-image size-large is-resized\"><img loading=\"lazy\" decoding=\"async\" width=\"800\" height=\"533\" src=\"https:\/\/persfoto.com\/wp-content\/uploads\/2022\/08\/20220729080-Brugge-Historisch-Centrum.jpg\" alt=\"\" class=\"wp-image-1460\" style=\"width:968px\" srcset=\"https:\/\/persfoto.com\/wp-content\/uploads\/2022\/08\/20220729080-Brugge-Historisch-Centrum.jpg 800w, https:\/\/persfoto.com\/wp-content\/uploads\/2022\/08\/20220729080-Brugge-Historisch-Centrum-300x200.jpg 300w, https:\/\/persfoto.com\/wp-content\/uploads\/2022\/08\/20220729080-Brugge-Historisch-Centrum-768x512.jpg 768w\" sizes=\"(max-width: 800px) 100vw, 800px\" \/><figcaption class=\"wp-element-caption\">02-08-2022 TRAVEL; STEDENTRIP BRUGGE BELGIE Het historisch centrum is als Middeleeuwse stad opgenomen op de werelderfgoedlijst van UNESCO. Watertoren Minnewater   FOTO ANDY SMULDERS \/ PERSFOTO.COM<\/figcaption><\/figure>\n\n\n\n<p>Andy Smulders<\/p>\n","protected":false},"excerpt":{"rendered":"<p>Als er \u00e9\u00e9n stad een stedentrip waard is in Belgi\u00eb, dan is het het Historische Brugge wel. Het historisch centrum is als Middeleeuwse stad opgenomen op de werelderfgoedlijst van UNESCO.<\/p>\n<p class=\"more-link\"><a href=\"https:\/\/persfoto.com\/index.php\/2022\/08\/02\/brugge-stad-van-de-historie\/\" class=\"readmore\">Lees verder<svg class=\"icon icon-arrow-right\" aria-hidden=\"true\" role=\"img\"> <use href=\"#icon-arrow-right\" xlink:href=\"#icon-arrow-right\"><\/use> <\/svg><span class=\"screen-reader-text\">Brugge, stad van de Historie.<\/span><\/a><\/p>\n","protected":false},"author":1,"featured_media":1371,"comment_status":"open","ping_status":"","sticky":false,"template":"","format":"standard","meta":{"footnotes":""},"categories":[1,4],"tags":[213,207,160,164,156,211,208,212,153,209,210],"class_list":["post-1370","post","type-post","status-publish","format-standard","has-post-thumbnail","hentry","category-blog","category-foto","tag-bierbrouwerij","tag-brugge","tag-fietstocht","tag-historisch","tag-hotel","tag-lijst","tag-radisson-blu","tag-rondvaart","tag-stedentrip","tag-unesco","tag-werelderfgoed"],"_links":{"self":[{"href":"https:\/\/persfoto.com\/index.php\/wp-json\/wp\/v2\/posts\/1370","targetHints":{"allow":["GET"]}}],"collection":[{"href":"https:\/\/persfoto.com\/index.php\/wp-json\/wp\/v2\/posts"}],"about":[{"href":"https:\/\/persfoto.com\/index.php\/wp-json\/wp\/v2\/types\/post"}],"author":[{"embeddable":true,"href":"https:\/\/persfoto.com\/index.php\/wp-json\/wp\/v2\/users\/1"}],"replies":[{"embeddable":true,"href":"https:\/\/persfoto.com\/index.php\/wp-json\/wp\/v2\/comments?post=1370"}],"version-history":[{"count":14,"href":"https:\/\/persfoto.com\/index.php\/wp-json\/wp\/v2\/posts\/1370\/revisions"}],"predecessor-version":[{"id":8147,"href":"https:\/\/persfoto.com\/index.php\/wp-json\/wp\/v2\/posts\/1370\/revisions\/8147"}],"wp:featuredmedia":[{"embeddable":true,"href":"https:\/\/persfoto.com\/index.php\/wp-json\/wp\/v2\/media\/1371"}],"wp:attachment":[{"href":"https:\/\/persfoto.com\/index.php\/wp-json\/wp\/v2\/media?parent=1370"}],"wp:term":[{"taxonomy":"category","embeddable":true,"href":"https:\/\/persfoto.com\/index.php\/wp-json\/wp\/v2\/categories?post=1370"},{"taxonomy":"post_tag","embeddable":true,"href":"https:\/\/persfoto.com\/index.php\/wp-json\/wp\/v2\/tags?post=1370"}],"curies":[{"name":"wp","href":"https:\/\/api.w.org\/{rel}","templated":true}]}}